{"id":426434,"date":"2025-09-29T15:55:16","date_gmt":"2025-09-29T15:55:16","guid":{"rendered":"https:\/\/www.europesays.com\/fr\/426434\/"},"modified":"2025-09-29T15:55:16","modified_gmt":"2025-09-29T15:55:16","slug":"le-conducteur-termine-dans-un-feu-tricolore","status":"publish","type":"post","link":"https:\/\/www.europesays.com\/fr\/426434\/","title":{"rendered":"le conducteur termine dans un feu tricolore"},"content":{"rendered":"<p>            Par<br \/>\n        <strong><br \/>\n            <a href=\"https:\/\/actu.fr\/auteur\/thomas-rideau\" title=\"Consulter tous les articles de Thomas Rideau\" rel=\"nofollow noopener\" target=\"_blank\">Thomas Rideau<\/a><br \/>\n        <\/strong><\/p>\n<p>        Publi\u00e9 le<\/p>\n<p>            29 sept. 2025 \u00e0 16h44        <\/p>\n<p>Trop de jeu vid\u00e9o\u2009? Pas s\u00fbr.<strong> Trop d\u2019alcool\u2009?<\/strong> Certainement. Un individu a provoqu\u00e9 un accident de la route dans la nuit du samedi 27 au dimanche 28 septembre 2025 \u00e0 <a href=\"https:\/\/actu.fr\/normandie\/le-grand-quevilly_76322\" rel=\"nofollow noopener\" target=\"_blank\">Grand-Quevilly (Seine-Maritime)<\/a>. Devant les policiers, il a tent\u00e9 d\u2019expliquer la situation de mani\u00e8re \u00e9tonnante.<\/p>\n<p>Whisky et \u00ab\u2009console\u2009\u00bb<\/p>\n<p class=\" wall-content\">La police est appel\u00e9e, vers minuit, <strong>pour un accident<\/strong> mat\u00e9riel \u00e0 Grand-Quevilly, dans le secteur de l\u2019avenue Kennedy. Les agents se rendent sur place et d\u00e9couvrent un homme en train de tituber et qui <strong>sent fortement l\u2019alcool.<\/strong><\/p>\n<p class=\" wall-content\">L\u2019individu de 39 ans, se laisse appr\u00e9hender sans difficult\u00e9 par la police et explique avoir bu une bouteille enti\u00e8re de whisky <strong>\u00ab\u2009en jouant \u00e0 la console\u2009\u00bb<\/strong>. Son test d\u2019alcool\u00e9mie est, sans surprise, positif (et s\u2019\u00e9l\u00e8ve tout de m\u00eame \u00e0 2,6\u00a0g par litre de sang). Dans son accident, il a percut\u00e9 un feu de circulation et une bo\u00eete aux lettres de La Poste. Un moindre mal.<\/p>\n<p>Suivez l\u2019actualit\u00e9 de Rouen <a href=\"https:\/\/www.whatsapp.com\/channel\/0029VaKfnf99hXF2ddApFB1D\" rel=\"nofollow noopener\" target=\"_blank\">sur notre cha\u00eene WhatsApp<\/a> et <a href=\"https:\/\/www.tiktok.com\/@76actu.fr?lang=fr\" rel=\"nofollow noopener\" target=\"_blank\">sur notre compte TikTok<\/a><\/p>\n<p class=\" wall-content\">Personnalisez votre actualit\u00e9 en ajoutant vos villes et m\u00e9dias en favori avec <a href=\"https:\/\/moncompte.actu.fr\" title=\"D\u00e9couvez Mon Actu\" rel=\"nofollow noopener\" data-trk=\"{&quot;cta&quot;:{&quot;action&quot;:&quot;https:\\\/\\\/moncompte.actu.fr&quot;,&quot;category&quot;:&quot;mon compte&quot;,&quot;from&quot;:&quot;article footer&quot;,&quot;name&quot;:&quot;Mon actu&quot;,&quot;type&quot;:&quot;cta&quot;}}\" target=\"_blank\">Mon Actu<\/a>.<\/p>\n<p>                    <script async src=\"\/\/www.tiktok.com\/embed.js\"><\/script><\/p>\n","protected":false},"excerpt":{"rendered":"Par Thomas Rideau Publi\u00e9 le 29 sept. 2025 \u00e0 16h44 Trop de jeu vid\u00e9o\u2009? Pas s\u00fbr. Trop d\u2019alcool\u2009?&hellip;\n","protected":false},"author":2,"featured_media":426435,"comment_status":"","ping_status":"","sticky":false,"template":"","format":"standard","meta":{"footnotes":""},"categories":[9587],"tags":[1111,11,5702,1777,674,118,1011,27,12,5161,1072,25,9590],"class_list":{"0":"post-426434","1":"post","2":"type-post","3":"status-publish","4":"format-standard","5":"has-post-thumbnail","7":"category-rouen","8":"tag-actu","9":"tag-actualites","10":"tag-alcool","11":"tag-eu","12":"tag-europe","13":"tag-faits-divers","14":"tag-fr","15":"tag-france","16":"tag-news","17":"tag-normandie","18":"tag-police","19":"tag-republique-francaise","20":"tag-rouen"},"share_on_mastodon":{"url":"https:\/\/pubeurope.com\/@fr\/115288403035508306","error":""},"_links":{"self":[{"href":"https:\/\/www.europesays.com\/fr\/wp-json\/wp\/v2\/posts\/426434","targetHints":{"allow":["GET"]}}],"collection":[{"href":"https:\/\/www.europesays.com\/fr\/wp-json\/wp\/v2\/posts"}],"about":[{"href":"https:\/\/www.europesays.com\/fr\/wp-json\/wp\/v2\/types\/post"}],"author":[{"embeddable":true,"href":"https:\/\/www.europesays.com\/fr\/wp-json\/wp\/v2\/users\/2"}],"replies":[{"embeddable":true,"href":"https:\/\/www.europesays.com\/fr\/wp-json\/wp\/v2\/comments?post=426434"}],"version-history":[{"count":0,"href":"https:\/\/www.europesays.com\/fr\/wp-json\/wp\/v2\/posts\/426434\/revisions"}],"wp:featuredmedia":[{"embeddable":true,"href":"https:\/\/www.europesays.com\/fr\/wp-json\/wp\/v2\/media\/426435"}],"wp:attachment":[{"href":"https:\/\/www.europesays.com\/fr\/wp-json\/wp\/v2\/media?parent=426434"}],"wp:term":[{"taxonomy":"category","embeddable":true,"href":"https:\/\/www.europesays.com\/fr\/wp-json\/wp\/v2\/categories?post=426434"},{"taxonomy":"post_tag","embeddable":true,"href":"https:\/\/www.europesays.com\/fr\/wp-json\/wp\/v2\/tags?post=426434"}],"curies":[{"name":"wp","href":"https:\/\/api.w.org\/{rel}","templated":true}]}}