{"id":426444,"date":"2025-09-29T16:01:11","date_gmt":"2025-09-29T16:01:11","guid":{"rendered":"https:\/\/www.europesays.com\/fr\/426444\/"},"modified":"2025-09-29T16:01:11","modified_gmt":"2025-09-29T16:01:11","slug":"strasbourg-une-affiche-avec-une-strasbourgeoise-voilee-declenche-la-polemique","status":"publish","type":"post","link":"https:\/\/www.europesays.com\/fr\/426444\/","title":{"rendered":"Strasbourg. Une affiche avec une Strasbourgeoise voil\u00e9e d\u00e9clenche la pol\u00e9mique"},"content":{"rendered":"<p>Sur l\u2019affiche, Nacera, 66 ans, pose avec un large sourire. Son portrait, coll\u00e9 dans plusieurs quartiers de Strasbourg, s\u2019inscrit dans la campagne promotionnelle men\u00e9e par la Ville, \u00ab\u00a0Strasbourg douceur de vivre\u00a0\u00bb, con\u00e7ue \u00e0 l\u2019occasion de la Journ\u00e9e internationale des personnes \u00e2g\u00e9es, c\u00e9l\u00e9br\u00e9e le 1 er \u00a0octobre. Sept autres seniors \u2013 Dani\u00e8le, 70 ans, Oogesh, 63 ans, ou encore Jean-Pierre, 72 ans \u2013 ont \u00e9galement \u00e9t\u00e9 mis \u00e0 l\u2019honneur. Mais seule l\u2019image de Nacera suscite des r\u00e9actions. En cause\u00a0: le hijab jaune qu\u2019elle porte.<\/p>\n<p>  Les m\u00e9dias Bollor\u00e9 s\u2019emparent du sujet<\/p>\n<p>La premi\u00e8re vague d\u2019indignation est venue de l\u2019extr\u00eame droite. Samedi 27\u00a0septembre, Alice Cordier, militante et directrice du collectif N\u00e9m\u00e9sis, a publi\u00e9 sur X\u00a0: \u00ab\u00a0Strasbourg, avec une maire de la honte qui affiche une femme portant un symbole d\u2019oppression et d\u2019in\u00e9galit\u00e9.\u00a0\u00bb Dans la foul\u00e9e, Emmanuelle Brisson, ancienne candidate LR aux l\u00e9gislatives, s\u2019est \u00e9galement insurg\u00e9e\u00a0: \u00ab\u00a0Une ville qui choisit une femme voil\u00e9e pour incarner sa \u201cdouceur\u201d, c\u2019est une ville qui tourne le dos \u00e0 la la\u00efcit\u00e9. Honte \u00e0 Strasbourg de financer cette propagande islamiste.\u00a0\u00bb Son message a \u00e9t\u00e9 partag\u00e9 plus de 5\u00a0000 fois et lik\u00e9 18\u00a0000 fois. La fachosph\u00e8re s\u2019est aussit\u00f4t empar\u00e9e de la pol\u00e9mique. Le Journal du dimanche et CNews , deux m\u00e9dias contr\u00f4l\u00e9s par <a href=\"https:\/\/www.dna.fr\/p\/vincent-bollore\" target=\"_blank\" rel=\"nofollow noopener\">Vincent Bollor\u00e9<\/a>, se sont empar\u00e9s du sujet.<\/p>\n<p>Les CitadElles, collectif r\u00e9unissant \u00ab\u00a0des militants et associations f\u00e9ministes universalistes et la\u00efques\u00a0\u00bb a lui aussi pris position, d\u00e9non\u00e7ant \u00ab\u00a0la banalisation du port du voile\u00a0\u00bb et \u00ab\u00a0l\u2019avanc\u00e9e des islamistes qui marquent leur territoire\u00a0\u00bb.<\/p>\n<p>Ce contenu est bloqu\u00e9 car vous n&rsquo;avez pas accept\u00e9 les cookies et autres traceurs.<\/p>\n<p>En cliquant sur \u00ab J\u2019accepte \u00bb, les cookies et autres traceurs seront d\u00e9pos\u00e9s et vous pourrez visualiser les contenus  (<a href=\"\" class=\"consentModule_policy\" target=\"_blank\" title=\"Consulter la politique de protection des donn\u00e9es du fournisseur\">plus d&rsquo;informations<\/a>).<\/p>\n<p>En cliquant sur \u00ab J\u2019accepte tous les cookies \u00bb, vous autorisez des d\u00e9p\u00f4ts de cookies et autres traceurs pour le stockage de vos donn\u00e9es sur nos sites et applications \u00e0 des fins de personnalisation et de ciblage publicitaire.<\/p>\n<p class=\"consentModule_secondaryText\">Vous gardez la possibilit\u00e9 de retirer votre consentement \u00e0 tout moment en consultant notre <a href=\"https:\/\/www.dna.fr\/protection-des-donnees\" target=\"_blank\" title=\"Consulter notre politique de protection des donn\u00e9es\" rel=\"nofollow noopener\">politique de protection des donn\u00e9es<\/a>. <br \/>&#13;<br \/>\n            <a href=\"https:\/\/www.dna.fr\/insolite\/2025\/09\/29\/javascript:Didomi.notice.show()\" class=\"consentModule_cmp\" rel=\"nofollow noopener\" target=\"_blank\">G\u00e9rer mes choix<\/a>&#13;\n        <\/p>\n<p>&#13;<br \/>\n                        J&rsquo;accepte&#13;<br \/>\n            J&rsquo;accepte tous les cookies&#13;\n        <\/p>\n<p>D\u00e8s le lendemain, le d\u00e9bat a gagn\u00e9 Strasbourg, toujours sur les r\u00e9seaux sociaux. L\u2019\u00e9lue socialiste Pernelle Richardot a accus\u00e9 la municipalit\u00e9 Barseghian de \u00ab\u00a0pros\u00e9lytisme\u00a0\u00bb, regrettant \u00ab\u00a0une injonction au conflit, motiv\u00e9e par un calcul \u00e9lectoral des plus cyniques\u00a0\u00bb. \u00ab\u00a0Je serais choqu\u00e9e de la m\u00eame mani\u00e8re si les affiches pr\u00e9sentaient une croix ostensible ou une kippa\u00a0\u00bb, a-t-elle ajout\u00e9.<\/p>\n<p>  Des citoyennes et citoyens investis pour les a\u00een\u00e9s<\/p>\n<p>La majorit\u00e9 municipale a r\u00e9pliqu\u00e9. Floriane Varieras, adjointe charg\u00e9e de la ville inclusive, a rappel\u00e9 que la campagne avait \u00e9t\u00e9 con\u00e7ue dans le cadre de l\u2019obtention du label \u00ab\u00a0Ville amie des a\u00een\u00e9s\u00a0\u00bb\u00a0: \u00ab\u00a0Nous avons voulu mettre \u00e0 l\u2019honneur les Strasbourgeois et Strasbourgeoises ayant particip\u00e9 \u00e0 des s\u00e9minaires et r\u00e9unions de travail\u00a0\u00bb, a-t-elle expliqu\u00e9.<\/p>\n<p>Ce contenu est bloqu\u00e9 car vous n&rsquo;avez pas accept\u00e9 les cookies et autres traceurs.<\/p>\n<p>En cliquant sur \u00ab J\u2019accepte \u00bb, les cookies et autres traceurs seront d\u00e9pos\u00e9s et vous pourrez visualiser les contenus  (<a href=\"\" class=\"consentModule_policy\" target=\"_blank\" title=\"Consulter la politique de protection des donn\u00e9es du fournisseur\">plus d&rsquo;informations<\/a>).<\/p>\n<p>En cliquant sur \u00ab J\u2019accepte tous les cookies \u00bb, vous autorisez des d\u00e9p\u00f4ts de cookies et autres traceurs pour le stockage de vos donn\u00e9es sur nos sites et applications \u00e0 des fins de personnalisation et de ciblage publicitaire.<\/p>\n<p class=\"consentModule_secondaryText\">Vous gardez la possibilit\u00e9 de retirer votre consentement \u00e0 tout moment en consultant notre <a href=\"https:\/\/www.dna.fr\/protection-des-donnees\" target=\"_blank\" title=\"Consulter notre politique de protection des donn\u00e9es\" rel=\"nofollow noopener\">politique de protection des donn\u00e9es<\/a>. <br \/>&#13;<br \/>\n            <a href=\"https:\/\/www.dna.fr\/insolite\/2025\/09\/29\/javascript:Didomi.notice.show()\" class=\"consentModule_cmp\" rel=\"nofollow noopener\" target=\"_blank\">G\u00e9rer mes choix<\/a>&#13;\n        <\/p>\n<p>&#13;<br \/>\n                        J&rsquo;accepte&#13;<br \/>\n            J&rsquo;accepte tous les cookies&#13;\n        <\/p>\n<p>D\u2019autres \u00e9lus de la majorit\u00e9 se sont montr\u00e9s plus offensifs. Nadia Zourgui a tenu \u00e0 saluer le parcours de ces femmes venues en France dans les ann\u00e9es 1960\u00a0: elles \u00ab\u00a0ont pass\u00e9 leur vie \u00e0 garder nos gosses, \u00e0 faire notre m\u00e9nage, \u00e0 nous soigner, \u00e0 changer les couches nos a\u00een\u00e9s dans nos Ehpad, il n\u2019y avait personne pour se plaindre\u00a0!\u00a0\u00bb, a-t-elle lanc\u00e9.<\/p>\n<p>\u00ab\u00a0Choqu\u00e9\u00a0\u00bb par la r\u00e9action de l\u2019\u00e9lue socialiste, le premier adjoint \u00e0 la maire, Syamak Agha Babaei \u2013 que nous avons contact\u00e9 \u2013 pr\u00e9cise qu\u2019aucune validation politique des visages de la campagne promotionnelle n\u2019a eu lieu\u00a0: \u00ab\u00a0Toutes ces personnes sont investies dans la vie de la cit\u00e9\u00a0: elles \u0153uvrent dans des associations, sont d\u2019anciens agents publics\u2026 Faut-il qu\u2019une Strasbourgeoise soit exclue de l\u2019espace public parce qu\u2019elle porte un voile\u00a0?\u00a0\u00bb, interroge-t-il, regrettant une volont\u00e9 \u00ab\u00a0d\u2019invisibiliser ou d\u2019exclure une partie de la soci\u00e9t\u00e9\u00a0\u00bb.<\/p>\n","protected":false},"excerpt":{"rendered":"Sur l\u2019affiche, Nacera, 66 ans, pose avec un large sourire. Son portrait, coll\u00e9 dans plusieurs quartiers de Strasbourg,&hellip;\n","protected":false},"author":2,"featured_media":426445,"comment_status":"","ping_status":"","sticky":false,"template":"","format":"standard","meta":{"footnotes":""},"categories":[2820],"tags":[1111,11,2389,2649,2880,1777,674,107,1011,27,775,1757,12,316,25,640,2879],"class_list":{"0":"post-426444","1":"post","2":"type-post","3":"status-publish","4":"format-standard","5":"has-post-thumbnail","7":"category-strasbourg","8":"tag-actu","9":"tag-actualites","10":"tag-alsace","11":"tag-bas-rhin","12":"tag-edition-strasbourg","13":"tag-eu","14":"tag-europe","15":"tag-fil-info","16":"tag-fr","17":"tag-france","18":"tag-grand-est","19":"tag-insolite","20":"tag-news","21":"tag-politique","22":"tag-republique-francaise","23":"tag-strasbourg","24":"tag-strasbourg-ville"},"share_on_mastodon":{"url":"https:\/\/pubeurope.com\/@fr\/115288426743504629","error":""},"_links":{"self":[{"href":"https:\/\/www.europesays.com\/fr\/wp-json\/wp\/v2\/posts\/426444","targetHints":{"allow":["GET"]}}],"collection":[{"href":"https:\/\/www.europesays.com\/fr\/wp-json\/wp\/v2\/posts"}],"about":[{"href":"https:\/\/www.europesays.com\/fr\/wp-json\/wp\/v2\/types\/post"}],"author":[{"embeddable":true,"href":"https:\/\/www.europesays.com\/fr\/wp-json\/wp\/v2\/users\/2"}],"replies":[{"embeddable":true,"href":"https:\/\/www.europesays.com\/fr\/wp-json\/wp\/v2\/comments?post=426444"}],"version-history":[{"count":0,"href":"https:\/\/www.europesays.com\/fr\/wp-json\/wp\/v2\/posts\/426444\/revisions"}],"wp:featuredmedia":[{"embeddable":true,"href":"https:\/\/www.europesays.com\/fr\/wp-json\/wp\/v2\/media\/426445"}],"wp:attachment":[{"href":"https:\/\/www.europesays.com\/fr\/wp-json\/wp\/v2\/media?parent=426444"}],"wp:term":[{"taxonomy":"category","embeddable":true,"href":"https:\/\/www.europesays.com\/fr\/wp-json\/wp\/v2\/categories?post=426444"},{"taxonomy":"post_tag","embeddable":true,"href":"https:\/\/www.europesays.com\/fr\/wp-json\/wp\/v2\/tags?post=426444"}],"curies":[{"name":"wp","href":"https:\/\/api.w.org\/{rel}","templated":true}]}}