{"id":426446,"date":"2025-09-29T16:02:14","date_gmt":"2025-09-29T16:02:14","guid":{"rendered":"https:\/\/www.europesays.com\/fr\/426446\/"},"modified":"2025-09-29T16:02:14","modified_gmt":"2025-09-29T16:02:14","slug":"cagnes-sur-mer-la-residence-oz-accueillera-50-appartements-en-bail","status":"publish","type":"post","link":"https:\/\/www.europesays.com\/fr\/426446\/","title":{"rendered":"Cagnes-sur-Mer : la r\u00e9sidence \u00ab Oz \u00bb accueillera 50 appartements en Bail (\u2026)"},"content":{"rendered":"<p>                    <img loading=\"lazy\" decoding=\"async\" src=\"https:\/\/www.europesays.com\/fr\/wp-content\/uploads\/2025\/09\/4e6ce9600b19c7e6e90769902050a8.jpg\" class=\"img-responsive post-image\" width=\"680\" height=\"510\" alt=\"Cagnes-sur-Mer : la (\u2026)\" title=\"Cagnes-sur-Mer : la r\u00e9sidence \u00ab Oz \u00bb accueillera 50 appartements en Bail R\u00e9el Solidaire (BRS)\"\/><\/p>\n<p class=\"chapo\">R\u00e9alis\u00e9e par le Groupe Gambetta, en co-promotion avec Edouard Denis, la r\u00e9sidence \u00ab\u00a0Oz\u00a0\u00bb sera situ\u00e9e \u00e0 Cagnes-sur-Mer (06), \u00e0 proximit\u00e9 du parc de la forteresse m\u00e9di\u00e9vale de Villeneuve-Loubet et du centre commercial Shopping Promenade Riviera. Au 3e trimestre 2026, elle proposera 50 appartements en Bail R\u00e9el Solidaire (BRS) dont 35 en accession et 15 en locatif social. \u00ab\u00a0Oz\u00a0\u00bb est une op\u00e9ration men\u00e9e en collaboration avec l\u2019EPF PACA (Etablissement Public Foncier), la Banque des Territoires, Action Logement Services, et la ville de Cagnes-sur-Mer, qui ont soutenu financi\u00e8rement l\u2019op\u00e9ration.<\/p>\n<p>                    Architecture m\u00e9diterran\u00e9enne<\/p>\n<p>Le b\u00e2timent de quatre \u00e9tages, dessin\u00e9 par l\u2019architecte<strong> Martial Gosselin,<\/strong> s\u2019inscrit dans un style m\u00e9diterran\u00e9en avec des fa\u00e7ades aux teintes naturelles et des garde-corps en bois. Les logements, du deux au quatre pi\u00e8ces, sont con\u00e7us avec des s\u00e9jours ouverts sur balcons ou terrasses. L\u2019ensemble sera implant\u00e9 dans un jardin paysager avec des essences locales telles qu\u2019oliviers, tilleuls, eucalyptus et agrumes. Les toitures-terrasses v\u00e9g\u00e9talis\u00e9es et des panneaux solaires contribueront \u00e0 la performance environnementale de la r\u00e9sidence, certifi\u00e9e RT2012 et labellis\u00e9e BDM niveau argent.<\/p>\n<p> <a href=\"https:\/\/www.europesays.com\/fr\/wp-content\/uploads\/2025\/09\/photo_evenement_credits_groupe_gambetta_copie.jpg\" class=\"spip_doc_lien mediabox\" type=\"image\/jpeg\"><br \/>\n\t\t<img loading=\"lazy\" decoding=\"async\" src=\"https:\/\/www.europesays.com\/fr\/wp-content\/uploads\/2025\/09\/photo_evenement_credits_groupe_gambetta_copie.jpg\" width=\"1024\" height=\"796\" alt=\"\"\/><\/a><\/p>\n<p>Mardi 24 juin, Aymeric Pahlavi, directeur de l\u2019agence Groupe Gambetta Nice, et Benjamin Domer, directeur de l\u2019agence Edouard Denis Nice, ont pos\u00e9 la 1\u00e8re pierre de la r\u00e9sidence en pr\u00e9sence de Louis N\u00e8gre, maire de Cagnes-sur-Mer et pr\u00e9sident d\u00e9l\u00e9gu\u00e9 de la M\u00e9tropole Nice C\u00f4te d\u2019Azur, ainsi que de Martial Gosselin, Architecte DPLG. \u00a9Groupe Gambetta\n<\/p>\n<p>Des logements abordables<\/p>\n<p>Les 50 appartements, du 2 au 4 pi\u00e8ces, r\u00e9partis dans un b\u00e2timent de 4 \u00e9tages, proposent des int\u00e9rieurs g\u00e9n\u00e9reux avec des cuisines ouvertes sur des s\u00e9jours prolong\u00e9s par des balcons ou des terrasses. 35 logements y sont propos\u00e9s \u00e0 l\u2019accession en BRS\u00a0: Le dispositif BRS permettra aux m\u00e9nages \u00e9ligibles d\u2019acqu\u00e9rir un bien neuf \u00e0 un prix inf\u00e9rieur d\u2019environ 30\u00a0% au march\u00e9 local, en contrepartie du versement d\u2019une redevance fonci\u00e8re \u00e0 la Fonci\u00e8re Coop\u00e9rative Gambetta de la R\u00e9gion PACA. Les acqu\u00e9reurs b\u00e9n\u00e9ficieront en outre d\u2019une TVA r\u00e9duite et de frais de notaire all\u00e9g\u00e9s.<br class=\"autobr\"\/><br \/>\nLa r\u00e9sidence comptera 54 places de stationnement pr\u00e9-\u00e9quip\u00e9es pour l\u2019installation de bornes de recharge \u00e9lectrique. Les prix annonc\u00e9s pour les logements encore disponibles d\u00e9butent \u00e0 232 000 euros pour un trois-pi\u00e8ces et 329 000 euros pour un quatre-pi\u00e8ces, stationnement inclus.<br class=\"autobr\"\/><br \/>\n<strong>Livraison pr\u00e9visionnelle\u00a0: 3e trimestre 2026<\/strong>.<\/p>\n<p> <a href=\"https:\/\/www.europesays.com\/fr\/wp-content\/uploads\/2025\/09\/interieur_oz.jpg\" class=\"spip_doc_lien mediabox\" type=\"image\/jpeg\"><br \/>\n\t\t<img loading=\"lazy\" decoding=\"async\" src=\"https:\/\/www.europesays.com\/fr\/wp-content\/uploads\/2025\/09\/interieur_oz.jpg\" width=\"1023\" height=\"533\" alt=\"\"\/><\/a><\/p>\n<p>\u00a9Groupe Gambetta\n<\/p>\n<p>Visuel de Une\u00a0: \u00a9Groupe Gambetta<\/p>\n","protected":false},"excerpt":{"rendered":"R\u00e9alis\u00e9e par le Groupe Gambetta, en co-promotion avec Edouard Denis, la r\u00e9sidence \u00ab\u00a0Oz\u00a0\u00bb sera situ\u00e9e \u00e0 Cagnes-sur-Mer (06),&hellip;\n","protected":false},"author":2,"featured_media":426447,"comment_status":"","ping_status":"","sticky":false,"template":"","format":"standard","meta":{"footnotes":""},"categories":[2819],"tags":[1111,11,2408,1777,674,1011,27,12,2401,882,25],"class_list":{"0":"post-426446","1":"post","2":"type-post","3":"status-publish","4":"format-standard","5":"has-post-thumbnail","7":"category-nice","8":"tag-actu","9":"tag-actualites","10":"tag-appels-d","11":"tag-eu","12":"tag-europe","13":"tag-fr","14":"tag-france","15":"tag-news","16":"tag-nice","17":"tag-provence-alpes-cote-dazur","18":"tag-republique-francaise"},"share_on_mastodon":{"url":"https:\/\/pubeurope.com\/@fr\/115288431199863386","error":""},"_links":{"self":[{"href":"https:\/\/www.europesays.com\/fr\/wp-json\/wp\/v2\/posts\/426446","targetHints":{"allow":["GET"]}}],"collection":[{"href":"https:\/\/www.europesays.com\/fr\/wp-json\/wp\/v2\/posts"}],"about":[{"href":"https:\/\/www.europesays.com\/fr\/wp-json\/wp\/v2\/types\/post"}],"author":[{"embeddable":true,"href":"https:\/\/www.europesays.com\/fr\/wp-json\/wp\/v2\/users\/2"}],"replies":[{"embeddable":true,"href":"https:\/\/www.europesays.com\/fr\/wp-json\/wp\/v2\/comments?post=426446"}],"version-history":[{"count":0,"href":"https:\/\/www.europesays.com\/fr\/wp-json\/wp\/v2\/posts\/426446\/revisions"}],"wp:featuredmedia":[{"embeddable":true,"href":"https:\/\/www.europesays.com\/fr\/wp-json\/wp\/v2\/media\/426447"}],"wp:attachment":[{"href":"https:\/\/www.europesays.com\/fr\/wp-json\/wp\/v2\/media?parent=426446"}],"wp:term":[{"taxonomy":"category","embeddable":true,"href":"https:\/\/www.europesays.com\/fr\/wp-json\/wp\/v2\/categories?post=426446"},{"taxonomy":"post_tag","embeddable":true,"href":"https:\/\/www.europesays.com\/fr\/wp-json\/wp\/v2\/tags?post=426446"}],"curies":[{"name":"wp","href":"https:\/\/api.w.org\/{rel}","templated":true}]}}