{"id":426448,"date":"2025-09-29T16:03:11","date_gmt":"2025-09-29T16:03:11","guid":{"rendered":"https:\/\/www.europesays.com\/fr\/426448\/"},"modified":"2025-09-29T16:03:11","modified_gmt":"2025-09-29T16:03:11","slug":"eric-ciotti-devoile-son-equipe-de-campagne-pour-conquerir-la-mairie-de-nice","status":"publish","type":"post","link":"https:\/\/www.europesays.com\/fr\/426448\/","title":{"rendered":"\u00c9ric Ciotti d\u00e9voile son \u00e9quipe de campagne pour conqu\u00e9rir la mairie de Nice"},"content":{"rendered":"<p class=\"fs-5 \">Un mois apr\u00e8s l\u2019<a href=\"https:\/\/www.nicematin.com\/societe\/politique\/je-veux-devenir-maire-eric-ciotti-annonce-sa-candidature-a-la-mairie-de-nice-le-match-avec-christian-estrosi-est-lance-999495\" rel=\"nofollow noopener\" target=\"_blank\">annonce officielle de sa candidature aux \u00e9lections municipales \u00e0 Nice <\/a>en mars 2026, \u00c9ric Ciotti a d\u00e9voil\u00e9, ce lundi, lors d\u2019une conf\u00e9rence de presse, le nom de son directeur de campagne. Il s\u2019agit du d\u00e9put\u00e9 de la 3e circonscription des Alpes-Maritimes, Bernard Chaix.<\/p>\n<p class=\"fs-5 \">\u00ab C\u2019est un vrai challenge, a salu\u00e9 le commer\u00e7ant, conseiller d\u00e9partemental et ancien premier vice-pr\u00e9sident de la chambre de commerce et d\u2019industrie. Je souhaite jouer un r\u00f4le actif dans cette campagne et \u00eatre celui qui contribue \u00e0 amener \u00e0 nous des personnalit\u00e9s locales du monde \u00e9conomique qui ont envie que \u00e7a change \u00bb.<\/p>\n<p class=\"fs-5 \">Christelle d\u2019Intorni, d\u00e9put\u00e9e de la 5e circonscription, conseill\u00e8re d\u00e9partementale dans le canton de Tourrette-Levens, et le d\u00e9put\u00e9 europ\u00e9en Laurent Castillo ont \u00e9t\u00e9 nomm\u00e9s porte-parole.<\/p>\n<p class=\"fs-5 \">\u00ab Nous allons rendre Nice aux Ni\u00e7ois, la M\u00e9tropole aux maires et d\u00e9montrer qu\u2019il est possible d\u2019administrer une commune loin des strass, de la communication, des paillettes, sans creuser \u00e0 la pelleteuse une dette abyssale, sans faire les poches \u00e0 ses habitants et en repla\u00e7ant au c\u0153ur d\u2019un projet les Ni\u00e7ois, les Ni\u00e7oises et les quartiers de Nice \u00bb, a d\u00e9clar\u00e9 Christelle d\u2019Intorni.<\/p>\n<p class=\"fs-5 \">\u00c9lu eurod\u00e9put\u00e9 en juin 2024, le professeur Laurent Castillo, praticien hospitalier, apportera, selon \u00c9ric Ciotti, \u00ab une ouverture sur l\u2019Europe et l\u2019international, avec une expertise en sant\u00e9 reconnue \u00bb.<\/p>\n<p class=\"fs-5 \">\u00ab Entre la m\u00e9decine et la politique, l\u2019objectif est le m\u00eame : am\u00e9liorer la qualit\u00e9 de vie. C\u2019est ce que je fais depuis des ann\u00e9es \u00e0 l\u2019Institut de la face et du cou que je dirige \u00bb, a soulign\u00e9 l\u2019int\u00e9ress\u00e9.<\/p>\n<p>                                                                                D\u2019autres nominations attendues<\/p>\n<p class=\"fs-5 \">Tous trois seront sur la liste en cours d\u2019\u00e9laboration. Dans quel ordre ? \u00ab Il n\u2019y a pas d\u2019ordre qui a \u00e9t\u00e9 instaur\u00e9. \u00c7a viendra beaucoup plus tard \u00bb, a r\u00e9pondu le candidat.<\/p>\n<p class=\"fs-5 \">Cette d\u00e9signation \u00ab sera suivie d\u2019autres nominations plus th\u00e9matiques \u00bb, a assur\u00e9 \u00c9ric Ciotti qui pr\u00e9voit de d\u00e9voiler \u00ab dans quelques jours, les premiers noms qui composeront notre liste, avec une annonce importante qui interviendra \u00e9galement \u00bb.<\/p>\n<p class=\"fs-5 \">\u00ab J\u2019aurai une liste ouverte \u00e0 tous, une liste de talents, de comp\u00e9tences, soutenue par l\u2019UDR et le Rassemblement national. Certains candidats sont adh\u00e9rents de ces partis, mais il y en aura qui sont adh\u00e9rents \u00e0 d\u2019autres formations politiques \u00bb, a-t-il n\u00e9anmoins pr\u00e9cis\u00e9.<\/p>\n","protected":false},"excerpt":{"rendered":"Un mois apr\u00e8s l\u2019annonce officielle de sa candidature aux \u00e9lections municipales \u00e0 Nice en mars 2026, \u00c9ric Ciotti&hellip;\n","protected":false},"author":2,"featured_media":426449,"comment_status":"","ping_status":"","sticky":false,"template":"","format":"standard","meta":{"footnotes":""},"categories":[2819],"tags":[1111,11,1777,674,1011,27,3434,12,2401,882,25],"class_list":{"0":"post-426448","1":"post","2":"type-post","3":"status-publish","4":"format-standard","5":"has-post-thumbnail","7":"category-nice","8":"tag-actu","9":"tag-actualites","10":"tag-eu","11":"tag-europe","12":"tag-fr","13":"tag-france","14":"tag-municipales-2026","15":"tag-news","16":"tag-nice","17":"tag-provence-alpes-cote-dazur","18":"tag-republique-francaise"},"share_on_mastodon":{"url":"https:\/\/pubeurope.com\/@fr\/115288434692170697","error":""},"_links":{"self":[{"href":"https:\/\/www.europesays.com\/fr\/wp-json\/wp\/v2\/posts\/426448","targetHints":{"allow":["GET"]}}],"collection":[{"href":"https:\/\/www.europesays.com\/fr\/wp-json\/wp\/v2\/posts"}],"about":[{"href":"https:\/\/www.europesays.com\/fr\/wp-json\/wp\/v2\/types\/post"}],"author":[{"embeddable":true,"href":"https:\/\/www.europesays.com\/fr\/wp-json\/wp\/v2\/users\/2"}],"replies":[{"embeddable":true,"href":"https:\/\/www.europesays.com\/fr\/wp-json\/wp\/v2\/comments?post=426448"}],"version-history":[{"count":0,"href":"https:\/\/www.europesays.com\/fr\/wp-json\/wp\/v2\/posts\/426448\/revisions"}],"wp:featuredmedia":[{"embeddable":true,"href":"https:\/\/www.europesays.com\/fr\/wp-json\/wp\/v2\/media\/426449"}],"wp:attachment":[{"href":"https:\/\/www.europesays.com\/fr\/wp-json\/wp\/v2\/media?parent=426448"}],"wp:term":[{"taxonomy":"category","embeddable":true,"href":"https:\/\/www.europesays.com\/fr\/wp-json\/wp\/v2\/categories?post=426448"},{"taxonomy":"post_tag","embeddable":true,"href":"https:\/\/www.europesays.com\/fr\/wp-json\/wp\/v2\/tags?post=426448"}],"curies":[{"name":"wp","href":"https:\/\/api.w.org\/{rel}","templated":true}]}}