{"id":426450,"date":"2025-09-29T16:04:33","date_gmt":"2025-09-29T16:04:33","guid":{"rendered":"https:\/\/www.europesays.com\/fr\/426450\/"},"modified":"2025-09-29T16:04:33","modified_gmt":"2025-09-29T16:04:33","slug":"voici-quand-il-sera-en-concert-a-nantes","status":"publish","type":"post","link":"https:\/\/www.europesays.com\/fr\/426450\/","title":{"rendered":"voici quand il sera en concert \u00e0 Nantes"},"content":{"rendered":"<p>            Par<br \/>\n        <strong><br \/>\n            <a href=\"https:\/\/actu.fr\/auteur\/thomas-bernard\" title=\"Consulter tous les articles de Thomas Bernard\" target=\"_blank\" rel=\"noopener\">Thomas Bernard<\/a><br \/>\n        <\/strong><\/p>\n<p>        Publi\u00e9 le<\/p>\n<p>            29 sept. 2025 \u00e0 14h32        <\/p>\n<p>            <a href=\"https:\/\/actu.fr\/espace-debat\/commentaires\/63228172?initArgument=true&amp;utm_source=article&amp;utm_campaign=63228172&amp;utm_content=63228172\" class=\"ac-btn ac-btn--round ac-btn--border-gray ac-btn--commentaire\" data-trk=\"{&quot;cta&quot;:{&quot;action&quot;:&quot;&quot;,&quot;category&quot;:&quot;mon compte&quot;,&quot;from&quot;:&quot;article actions&quot;,&quot;name&quot;:&quot;Commentaires&quot;,&quot;type&quot;:&quot;cta&quot;}}\" title=\"Commenter l&#039;article\" target=\"_blank\" rel=\"noopener\"><br \/>\n            Commentaires<br \/>\n        <\/a><\/p>\n<p>        Partager<\/p>\n<ul id=\"share\" class=\"ac-article-actions__share \">\n<li>\n            <a target=\"_blank\" href=\"http:\/\/www.facebook.com\/sharer.php?u=https:\/\/actu.fr\/pays-de-la-loire\/nantes_44109\/orelsan-annonce-une-nouvelle-tournee-en-2026-voici-quand-il-sera-en-concert-a-nantes_63228172.html\" class=\"ac-btn-social ac-btn-social--blue ac-btn-social--facebook\" title=\"Partagez sur Facebook - Nouvelle fen\u00eatre\" data-trk=\"{&quot;social&quot;:{&quot;network&quot;:&quot;facebook&quot;},&quot;article&quot;:{&quot;id_contenu&quot;:63228172,&quot;titre_contenu&quot;:&quot;Orelsan annonce une nouvelle tourn\\u00e9e en 2026 : voici quand il sera en concert \\u00e0 Nantes&quot;,&quot;marque&quot;:&quot;Actu Nantes&quot;,&quot;nom_commune&quot;:&quot;Nantes&quot;,&quot;code_insee_commune&quot;:&quot;44109&quot;,&quot;code_region&quot;:&quot;52&quot;,&quot;code_departement&quot;:&quot;44&quot;,&quot;type&quot;:&quot;article&quot;,&quot;arborescence&quot;:&quot;Concert&quot;,&quot;tags_article_s&quot;:&quot;Orelsan|Z\\u00e9nith Nantes M\\u00e9tropole&quot;,&quot;signature_auteur&quot;:&quot;Thomas Bernard&quot;,&quot;statut_monetisation&quot;:&quot;gratuit&quot;}}\" rel=\"noopener\">Partagez sur Facebook<\/a>\n        <\/li>\n<li>\n            <a target=\"_blank\" href=\"https:\/\/twitter.com\/intent\/tweet?url=https:\/\/actu.fr\/pays-de-la-loire\/nantes_44109\/orelsan-annonce-une-nouvelle-tournee-en-2026-voici-quand-il-sera-en-concert-a-nantes_63228172.html&amp;text=Orelsan annonce une nouvelle tourn\u00e9e en 2026 : voici quand il sera en concert \u00e0 Nantes&amp;via=actufr\" class=\"ac-btn-social ac-btn-social--blue ac-btn-social--x\" title=\"Partagez sur Twitter - Nouvelle fen\u00eatre\" data-trk=\"{&quot;social&quot;:{&quot;network&quot;:&quot;twitter&quot;},&quot;article&quot;:{&quot;id_contenu&quot;:63228172,&quot;titre_contenu&quot;:&quot;Orelsan annonce une nouvelle tourn\\u00e9e en 2026 : voici quand il sera en concert \\u00e0 Nantes&quot;,&quot;marque&quot;:&quot;Actu Nantes&quot;,&quot;nom_commune&quot;:&quot;Nantes&quot;,&quot;code_insee_commune&quot;:&quot;44109&quot;,&quot;code_region&quot;:&quot;52&quot;,&quot;code_departement&quot;:&quot;44&quot;,&quot;type&quot;:&quot;article&quot;,&quot;arborescence&quot;:&quot;Concert&quot;,&quot;tags_article_s&quot;:&quot;Orelsan|Z\\u00e9nith Nantes M\\u00e9tropole&quot;,&quot;signature_auteur&quot;:&quot;Thomas Bernard&quot;,&quot;statut_monetisation&quot;:&quot;gratuit&quot;}}\" rel=\"noopener\">Partagez sur Twitter<\/a>\n        <\/li>\n<li>\n            <a target=\"_blank\" href=\"http:\/\/actu.fr\/cdn-cgi\/l\/email-protection#1a5a25696f78707f796e2755687f76697b743a7b74747574797f3a6f747f3a74756f6c7f76767f3a6e756f6874d9b37f3a7f743a282a282c3a203a6c757379733a6b6f7b747e3a73763a697f687b3a7f743a797574797f686e3ad9ba3a547b746e7f693c78757e632755687f76697b743a7b74747574797f3a6f747f3a74756f6c7f76767f3a6e756f6874d9b37f3a7f743a282a282c3a203a6c757379733a6b6f7b747e3a73763a697f687b3a7f743a797574797f686e3ad9ba3a547b746e7f693f282a203f282a726e6e6a692035357b796e6f347c68356a7b6369377e7f37767b37767573687f35747b746e7f69452e2e2b2a233575687f76697b74377b74747574797f376f747f3774756f6c7f76767f376e756f68747f7f377f7437282a282c376c75737973376b6f7b747e37737637697f687b377f7437797574797f686e377b37747b746e7f69452c292828222b2d2834726e7776\" class=\"ac-btn-social ac-btn-social--blue ac-btn-social--mail\" title=\"Partagez par mail - Nouvelle fen\u00eatre\" data-trk=\"{&quot;social&quot;:{&quot;network&quot;:&quot;email&quot;},&quot;article&quot;:{&quot;id_contenu&quot;:63228172,&quot;titre_contenu&quot;:&quot;Orelsan annonce une nouvelle tourn\\u00e9e en 2026 : voici quand il sera en concert \\u00e0 Nantes&quot;,&quot;marque&quot;:&quot;Actu Nantes&quot;,&quot;nom_commune&quot;:&quot;Nantes&quot;,&quot;code_insee_commune&quot;:&quot;44109&quot;,&quot;code_region&quot;:&quot;52&quot;,&quot;code_departement&quot;:&quot;44&quot;,&quot;type&quot;:&quot;article&quot;,&quot;arborescence&quot;:&quot;Concert&quot;,&quot;tags_article_s&quot;:&quot;Orelsan|Z\\u00e9nith Nantes M\\u00e9tropole&quot;,&quot;signature_auteur&quot;:&quot;Thomas Bernard&quot;,&quot;statut_monetisation&quot;:&quot;gratuit&quot;}}\" rel=\"noopener\">Partagez par Mail<\/a>\n        <\/li>\n<li>\n<p>                Copiez\/Collez le Lien<\/p>\n<p>            Copi\u00e9 !\n        <\/li>\n<\/ul>\n<p>\u00ab\u2009Basique\u2009\u00bb, \u00ab\u2009La terre est ronde\u2009\u00bb, \u00ab\u2009Le chant des sir\u00e8nes\u2009\u00bb, autant de titres qui ont fait le succ\u00e8s de l\u2019artiste <a href=\"https:\/\/actu.fr\/tag\/orelsan\" target=\"_blank\" rel=\"noopener\">Orelsan<\/a>. Lundi 29 septembre 2025, le Normand a annonc\u00e9 <strong>qu\u2019il sera en tourn\u00e9e dans toute la France \u00e0 partir de janvier\u00a02026<\/strong>.<\/p>\n<p class=\" wall-content\"><a href=\"https:\/\/www.instagram.com\/p\/DPLcCL7iKe9\/embed\" title=\"Ouvrir le lien sur Instagram\" target=\"_blank\" rel=\"noopener\">Visualiser le contenu sur Instagram<\/a><\/p>\n<p>\u00c0 lire aussi<\/p>\n<ul>\n<li>\n<img decoding=\"async\" loading=\"lazy\" src=\"https:\/\/www.europesays.com\/fr\/wp-content\/uploads\/2025\/09\/8a990f4f705665e990f4f705692a90v-200x200.jpg\" alt=\"\" width=\"200\" height=\"200\"\/><\/p>\n<p><a class=\"item__content\" href=\"https:\/\/actu.fr\/provence-alpes-cote-d-azur\/marseille_13055\/marseille-orelsan-bientot-en-concert-au-dome-voici-quand-et-comment-obtenir-des-billets_63227313.html\" data-trk=\"{&quot;cta&quot;:{&quot;type&quot;:&quot;lien article&quot;,&quot;name&quot;:&quot;Marseille. Orelsan bient\\u00f4t en concert au D\\u00f4me, voici quand et comment obtenir des billets&quot;,&quot;category&quot;:&quot;article&quot;,&quot;action&quot;:&quot;https:\\\/\\\/actu.fr\\\/provence-alpes-cote-d-azur\\\/marseille_13055\\\/marseille-orelsan-bientot-en-concert-au-dome-voici-quand-et-comment-obtenir-des-billets_63227313.html&quot;,&quot;from&quot;:&quot;\\u00c0 lire aussi&quot;}}\" target=\"_blank\" rel=\"noopener\">Marseille. Orelsan bient\u00f4t en concert au D\u00f4me, voici quand et comment obtenir des billets<\/a><\/p>\n<\/li>\n<\/ul>\n<p>Deux concerts \u00e0 Nantes<\/p>\n<p class=\" wall-content\">La premi\u00e8re date du Orelsan Tour aura lieu <a href=\"https:\/\/actu.fr\/normandie\/caen_14118\/orelsan-annonce-une-tournee-en-2026-qui-debutera-par-3-concerts-a-caen-la-billetterie-ouvre-cette-semaine_63227348.html\" target=\"_blank\" rel=\"noopener\">le 16\u00a0janvier 2026 au Z\u00e9nith de Caen<\/a>. L\u2019artiste a indiqu\u00e9 <strong>deux dates \u00e0 Nantes<\/strong> o\u00f9 il se produira sur <a href=\"https:\/\/actu.fr\/tag\/zenith-nantes-metropole\" target=\"_blank\" rel=\"noopener\">la sc\u00e8ne du Z\u00e9nith Nantes M\u00e9tropole<\/a>, <strong>le jeudi\u00a012 et le vendredi 13\u00a0f\u00e9vrier 2026<\/strong>.<\/p>\n<p>    <a href=\"https:\/\/www.facebook.com\/plugins\/post.php?href=https%3A%2F%2Fwww.facebook.com%2Fzenithnantesmetropole%2Fposts%2Fpfbid02kuSESGFYUqAMVajmMqFdzmqZrykpvr5hJNFFUJzPtyNLp4Es4EWRsDUDztQyeXWSl&amp;show_text=true&amp;width=350\" title=\"Ouvrie le lien\" target=\"_blank\" rel=\"noopener\">Cliquez ici pour visualiser le contenu<\/a><\/p>\n<p class=\" wall-content\">Pour obtenir les billets, une pr\u00e9vente est ouverte <a href=\"https:\/\/orelsan.show\/?fbclid=PAZXh0bgNhZW0CMTEAAaf8ZJ2cyVCcNKXPMvMk3hER3eYFiEGaHIsXhvBXDHvtuTZVmGw-plUaWdstHw_aem_uypWcoGYWKL5LomJsnK5EQ\" target=\"_blank\" rel=\"noopener\">sur le site de l\u2019artiste \u00e0 partir <strong>du mardi 30\u00a0septembre \u00e0 10\u2009h<\/strong><\/a>. Une autre pr\u00e9vente sera organis\u00e9e le mercredi 1er\u00a0octobre \u00e0 10\u2009h sur les sites <a href=\"https:\/\/www.ticketmaster.fr\/fr\" target=\"_blank\" rel=\"noopener\">TicketMaster<\/a> et <a href=\"https:\/\/www.ospectacles.fr\/\" target=\"_blank\" rel=\"noopener\">O\u2019Spectacles<\/a>. La mise en vente sur tous les r\u00e9seaux est pr\u00e9vue <strong>le lundi 6\u00a0octobre \u00e0 10\u2009h<\/strong>.<\/p>\n<p class=\" wall-content\">Personnalisez votre actualit\u00e9 en ajoutant vos villes et m\u00e9dias en favori avec <a href=\"https:\/\/moncompte.actu.fr\" title=\"D\u00e9couvez Mon Actu\" rel=\"nofollow noopener\" data-trk=\"{&quot;cta&quot;:{&quot;action&quot;:&quot;https:\\\/\\\/moncompte.actu.fr&quot;,&quot;category&quot;:&quot;mon compte&quot;,&quot;from&quot;:&quot;article footer&quot;,&quot;name&quot;:&quot;Mon actu&quot;,&quot;type&quot;:&quot;cta&quot;}}\" target=\"_blank\">Mon Actu<\/a>.<\/p>\n<p>                    <script async src=\"https:\/\/platform.twitter.com\/widgets.js\" charset=\"utf-8\"><\/script><script async src=\"\/\/www.instagram.com\/embed.js\"><\/script><\/p>\n","protected":false},"excerpt":{"rendered":"Par Thomas Bernard Publi\u00e9 le 29 sept. 2025 \u00e0 14h32 Commentaires Partager Partagez sur Facebook Partagez sur Twitter&hellip;\n","protected":false},"author":2,"featured_media":426451,"comment_status":"","ping_status":"","sticky":false,"template":"","format":"standard","meta":{"footnotes":""},"categories":[2818],"tags":[1111,11,1697,1777,674,1011,27,1652,766,12,21953,2636,25,5849],"class_list":{"0":"post-426450","1":"post","2":"type-post","3":"status-publish","4":"format-standard","5":"has-post-thumbnail","7":"category-nantes","8":"tag-actu","9":"tag-actualites","10":"tag-concert","11":"tag-eu","12":"tag-europe","13":"tag-fr","14":"tag-france","15":"tag-loisirs-culture","16":"tag-nantes","17":"tag-news","18":"tag-orelsan","19":"tag-pays-de-la-loire","20":"tag-republique-francaise","21":"tag-zenith-nantes-metropole"},"share_on_mastodon":{"url":"https:\/\/pubeurope.com\/@fr\/115288438576443293","error":""},"_links":{"self":[{"href":"https:\/\/www.europesays.com\/fr\/wp-json\/wp\/v2\/posts\/426450","targetHints":{"allow":["GET"]}}],"collection":[{"href":"https:\/\/www.europesays.com\/fr\/wp-json\/wp\/v2\/posts"}],"about":[{"href":"https:\/\/www.europesays.com\/fr\/wp-json\/wp\/v2\/types\/post"}],"author":[{"embeddable":true,"href":"https:\/\/www.europesays.com\/fr\/wp-json\/wp\/v2\/users\/2"}],"replies":[{"embeddable":true,"href":"https:\/\/www.europesays.com\/fr\/wp-json\/wp\/v2\/comments?post=426450"}],"version-history":[{"count":0,"href":"https:\/\/www.europesays.com\/fr\/wp-json\/wp\/v2\/posts\/426450\/revisions"}],"wp:featuredmedia":[{"embeddable":true,"href":"https:\/\/www.europesays.com\/fr\/wp-json\/wp\/v2\/media\/426451"}],"wp:attachment":[{"href":"https:\/\/www.europesays.com\/fr\/wp-json\/wp\/v2\/media?parent=426450"}],"wp:term":[{"taxonomy":"category","embeddable":true,"href":"https:\/\/www.europesays.com\/fr\/wp-json\/wp\/v2\/categories?post=426450"},{"taxonomy":"post_tag","embeddable":true,"href":"https:\/\/www.europesays.com\/fr\/wp-json\/wp\/v2\/tags?post=426450"}],"curies":[{"name":"wp","href":"https:\/\/api.w.org\/{rel}","templated":true}]}}