{"id":426454,"date":"2025-09-29T16:06:12","date_gmt":"2025-09-29T16:06:12","guid":{"rendered":"https:\/\/www.europesays.com\/fr\/426454\/"},"modified":"2025-09-29T16:06:12","modified_gmt":"2025-09-29T16:06:12","slug":"le-consulat-americain-restera-a-bordeaux-affirme-la-nouvelle-consule","status":"publish","type":"post","link":"https:\/\/www.europesays.com\/fr\/426454\/","title":{"rendered":"Le consulat am\u00e9ricain restera \u00e0 Bordeaux, affirme la nouvelle consule"},"content":{"rendered":"<p>\u00c0 37\u00a0ans, la Californienne Jessica Kuhn a entam\u00e9 ses activit\u00e9s de consule des \u00c9tats-Unis pour la Nouvelle-Aquitaine et l\u2019Occitanie, bas\u00e9e \u00e0 Bordeaux. \u00ab\u00a0Sud Ouest\u00a0\u00bb l\u2019a rencontr\u00e9e.<\/p>\n<p>        <img decoding=\"async\" id=\"26091338\" src=\"https:\/\/www.europesays.com\/fr\/wp-content\/uploads\/2025\/09\/img-20250630-184833.jpg\" alt=\"Jessica Kuhn intervenant lors du d\u00e9part de son pr\u00e9d\u00e9cesseur Hector Brown le 30\u00a0juin dernier \u00e0 l\u2019h\u00f4tel Fenwick de Bordeaux.\" itemprop=\"contentURL\"\/><\/p>\n<p>    Jessica Kuhn intervenant lors du d\u00e9part de son pr\u00e9d\u00e9cesseur Hector Brown le 30\u00a0juin dernier \u00e0 l\u2019h\u00f4tel Fenwick de Bordeaux.<\/p>\n<p>Jean-Michel Selva\u00a0\/\u00a0SO<\/p>\n<p class=\"interview-question\">Avant votre arriv\u00e9e \u00e0 Bordeaux, on a beaucoup parl\u00e9 ici d\u2019une \u00e9ventuelle fermeture du consulat de Bordeaux. Qu\u2019en \u00e9tait-il vraiment\u00a0?<\/p>\n<p class=\"interview-answer\">Au d\u00e9but du mandat de Donald Trump, Washington a conduit une \u00e9tude sur toutes les missions diplomatiques am\u00e9ricaines dans le monde. Aucune communication officielle n\u2019a \u00e9t\u00e9 faite au sujet une \u00e9ventuelle fermeture du consulat de Bordeaux. Apr\u00e8s les conclusions, le d\u00e9partement d\u2019\u00c9tat [\u00e9quivalent du minist\u00e8re des Affaires \u00e9trang\u00e8res, NDLR] a d\u00e9cid\u00e9 de ne rien changer.<\/p>\n<p class=\"interview-question\">Votre pr\u00e9d\u00e9cesseur Hector Brown passait beaucoup de temps \u00e0 Toulouse. N\u2019a-t-il pas eu l\u2019intention de d\u00e9placer le consulat vers la Ville rose au d\u00e9triment de Bordeaux\u00a0?<\/p>\n<p class=\"interview-answer\">Non, il n\u2019en a jamais \u00e9t\u00e9 question. M\u00eame si Toulouse est tr\u00e8s important pour nous au niveau de la d\u00e9fense, l\u2019a\u00e9ronautique, l\u2019espace, nous avons une relation tr\u00e8s sp\u00e9ciale avec Bordeaux. C\u2019est notre premi\u00e8re repr\u00e9sentation diplomatique dans le monde entier.<\/p>\n<p class=\"interview-question\">Vous aviez annonc\u00e9 lors du d\u00e9part de votre pr\u00e9d\u00e9cesseur fin juin dernier que le nouvel ambassadeur am\u00e9ricain en France, Charles Kushner, souhaitait venir \u00e0 Bordeaux. En savez-vous d\u2019avantage aujourd\u2019hui\u00a0?<\/p>\n<p class=\"interview-answer\">On ne sait toujours pas quand il viendra \u00e0 Bordeaux, mais ce sera dans le courant de l\u2019ann\u00e9e 2026. La proximit\u00e9 de notre ambassadeur avec la Maison-Blanche [Charles Kushner est le p\u00e8re du gendre de Donald Trump, Jared, mari\u00e9 \u00e0 Ivanka Trump, la fille a\u00een\u00e9e du pr\u00e9sident am\u00e9ricain] est une opportunit\u00e9 pour la relation franco-am\u00e9ricaine, et donc pour votre r\u00e9gion.<\/p>\n<p>        <img decoding=\"async\" id=\"26068261\" src=\"https:\/\/www.europesays.com\/fr\/wp-content\/uploads\/2025\/09\/20250924175529-davt5125.jpg\" alt=\"Jessica Kuhn, la nouvelle consule des USA \u00e0 Bordeaux, le 24\u00a0septembre dernier au si\u00e8ge de \u00ab\u00a0Sud Ouest\u00a0\u00bb.\" itemprop=\"contentURL\"\/><\/p>\n<p>    Jessica Kuhn, la nouvelle consule des USA \u00e0 Bordeaux, le 24\u00a0septembre dernier au si\u00e8ge de \u00ab\u00a0Sud Ouest\u00a0\u00bb.<\/p>\n<p>Thierry DAVID\u00a0\/\u00a0SO<\/p>\n<p class=\"interview-question\">Le contexte politique entre les \u00c9tats-Unis et le reste du monde est un peu mouvement\u00e9, en particulier \u00e0 cause des droits de douane instaur\u00e9s par Donald Trump, et notre r\u00e9gion est touch\u00e9e, tout sp\u00e9cialement le secteur viticole. Comment allez-vous g\u00e9rer cela avec vos partenaires \u00e9conomiques ici\u00a0?<\/p>\n<p class=\"interview-answer\">Apr\u00e8s des mois d\u2019incertitude, aujourd\u2019hui il y a un cadre et il faut faire avec. Ce qui est important, c\u2019est le lien d\u00e9j\u00e0 tr\u00e8s important entre la France et les \u00c9tats-Unis. Il y a \u00e9norm\u00e9ment d\u2019\u00e9changes entre les entreprises am\u00e9ricaines et fran\u00e7aises. Mon travail va \u00eatre de trouver comment on peut renforcer ces liens, et surtout avancer ensemble. Et je suis franchement optimiste.<\/p>\n<p class=\"interview-question\">En 2026, vous allez f\u00eater le 250e\u00a0anniversaire de l\u2019ind\u00e9pendance des \u00c9tats-Unis. Comment cela va-t-il se traduire dans notre r\u00e9gion\u00a0?<\/p>\n<p class=\"interview-answer\">D\u00e9j\u00e0, avec l\u2019histoire de Lafayette et Bordeaux dans notre histoire [il partit de Pauillac, en Gironde, vers l\u2019Am\u00e9rique en 1777 pour aider les insurg\u00e9s de Washington sur le navire \u00ab\u00a0La\u00a0Victoire\u00a0\u00bb, construit et achet\u00e9 \u00e0 Bordeaux], la place de cette ville devrait \u00eatre importante dans ces c\u00e9l\u00e9brations. Sous quelle forme, on ne sait pas encore. Nous allons y travailler avec les associations locales.<\/p>\n<blockquote><p>\u00ab\u00a0Je peux vous annoncer que je suis enceinte, et nous attendons donc une future petite Bordelaise\u00a0\u00bb<\/p><\/blockquote>\n<p class=\"interview-question\">Quel a \u00e9t\u00e9 votre parcours professionnel jusqu\u2019\u00e0 aujourd\u2019hui\u00a0?<\/p>\n<p class=\"interview-answer\">Mon premier poste a \u00e9t\u00e9 \u00e0 Ha\u00efti. Ce fut une tr\u00e8s belle exp\u00e9rience. Puis, j\u2019ai \u00e9t\u00e9 nomm\u00e9 \u00e0 Mexico, o\u00f9 j\u2019ai pass\u00e9 deux ann\u00e9es avant de retourner \u00e0 Washington. L\u00e0, j\u2019ai travaill\u00e9 pour deux secr\u00e9taires d\u2019\u00c9tat, Mike Pompeo sous la pr\u00e9sidence de Donald Trump, et Antony Blinken lors du mandat du pr\u00e9sident Joe Biden \u2013\u00a0pendant une p\u00e9riode forte, celle du Covid. <\/p>\n<p class=\"interview-answer\">Courant 2021, on m\u2019a envoy\u00e9e \u00e0 Islamabad, au Pakistan. Ce fut un moment intense car j\u2019\u00e9tais l\u00e0 pendant la chute de Kaboul, en Afghanistan, le pays voisin, et l\u2019arriv\u00e9e des talibans au pouvoir. C\u2019est pour moi une exp\u00e9rience inoubliable. Et enfin, j\u2019ai \u00e9t\u00e9 affect\u00e9e en Argentine, o\u00f9 je suis rest\u00e9e trois ans. Je travaillais sur les questions de s\u00e9curit\u00e9 entre nos deux pays. \u00c0\u00a0cette p\u00e9riode, j\u2019ai pu vivre les \u00e9lections pr\u00e9sidentielles argentine, qui a vu l\u2019arriv\u00e9e au pouvoir du pr\u00e9sident Javier Milei, et am\u00e9ricaine avec le retour \u00e0 la Maison-Blanche de Donald Trump.<\/p>\n<p class=\"interview-question\">Vous parlez parfaitement bien le fran\u00e7ais. D\u2019o\u00f9 vous vient cet int\u00e9r\u00eat pour notre langue\u00a0?<\/p>\n<p class=\"interview-answer\">En tant que francophone, j\u2019ai une affinit\u00e9 particuli\u00e8re pour la France et je suis d\u2019ailleurs mari\u00e9e avec un Fran\u00e7ais. Mon mari est originaire de Lille. J\u2019ai d\u00e9j\u00e0 arpent\u00e9 la France avec mon \u00e9poux, la Bretagne, la Normandie et \u00e9galement le Sud-Ouest. Je connais d\u00e9j\u00e0 un petit peu Biarritz, Bayonne et Bordeaux. Nous n\u2019avons pas encore d\u2019enfant, mais je peux vous annoncer que je suis enceinte, et nous attendons donc une future petite Bordelaise. Nous sommes vraiment ravis d\u2019agrandir notre famille ici \u00e0 Bordeaux.<\/p>\n<p class=\"interview-question\">En dehors de vos missions consulaires, \u00e0 quoi occupez-vous votre temps libre\u00a0?<\/p>\n<p class=\"interview-answer\">J\u2019aime particuli\u00e8rement la cuisine et le yoga. Je suis aussi une grande amatrice d\u2019\u00e9missions culinaires ainsi que de s\u00e9ries comme \u00ab\u00a0Gilmore Girls\u00a0\u00bb, \u00ab\u00a0Friends\u00a0\u00bb et, plus r\u00e9cemment, \u00ab\u00a0The White Lotus\u00a0\u00bb. Et je suis une fan du Tour de France, que j\u2019ai connu gr\u00e2ce \u00e0 la s\u00e9rie Netflix \u00ab\u00a0Au c\u0153ur du peloton\u00a0\u00bb. J\u2019ai eu la chance l\u2019\u00e9t\u00e9 dernier d\u2019assister \u00e0 une arriv\u00e9e mythique du Tour \u00e0 Superbagn\u00e8res, un r\u00eave pour la passionn\u00e9e que je suis. Et j\u2019ai appris que le Tour passera par Bordeaux l\u2019ann\u00e9e prochaine. C\u2019est une opportunit\u00e9 pour nous tous.<\/p>\n","protected":false},"excerpt":{"rendered":"\u00c0 37\u00a0ans, la Californienne Jessica Kuhn a entam\u00e9 ses activit\u00e9s de consule des \u00c9tats-Unis pour la Nouvelle-Aquitaine et&hellip;\n","protected":false},"author":2,"featured_media":426455,"comment_status":"","ping_status":"","sticky":false,"template":"","format":"standard","meta":{"footnotes":""},"categories":[2817],"tags":[1111,11,1997,1777,674,1011,27,12,2219,25],"class_list":{"0":"post-426454","1":"post","2":"type-post","3":"status-publish","4":"format-standard","5":"has-post-thumbnail","7":"category-bordeaux","8":"tag-actu","9":"tag-actualites","10":"tag-bordeaux","11":"tag-eu","12":"tag-europe","13":"tag-fr","14":"tag-france","15":"tag-news","16":"tag-nouvelle-aquitaine","17":"tag-republique-francaise"},"share_on_mastodon":{"url":"https:\/\/pubeurope.com\/@fr\/115288446471096767","error":""},"_links":{"self":[{"href":"https:\/\/www.europesays.com\/fr\/wp-json\/wp\/v2\/posts\/426454","targetHints":{"allow":["GET"]}}],"collection":[{"href":"https:\/\/www.europesays.com\/fr\/wp-json\/wp\/v2\/posts"}],"about":[{"href":"https:\/\/www.europesays.com\/fr\/wp-json\/wp\/v2\/types\/post"}],"author":[{"embeddable":true,"href":"https:\/\/www.europesays.com\/fr\/wp-json\/wp\/v2\/users\/2"}],"replies":[{"embeddable":true,"href":"https:\/\/www.europesays.com\/fr\/wp-json\/wp\/v2\/comments?post=426454"}],"version-history":[{"count":0,"href":"https:\/\/www.europesays.com\/fr\/wp-json\/wp\/v2\/posts\/426454\/revisions"}],"wp:featuredmedia":[{"embeddable":true,"href":"https:\/\/www.europesays.com\/fr\/wp-json\/wp\/v2\/media\/426455"}],"wp:attachment":[{"href":"https:\/\/www.europesays.com\/fr\/wp-json\/wp\/v2\/media?parent=426454"}],"wp:term":[{"taxonomy":"category","embeddable":true,"href":"https:\/\/www.europesays.com\/fr\/wp-json\/wp\/v2\/categories?post=426454"},{"taxonomy":"post_tag","embeddable":true,"href":"https:\/\/www.europesays.com\/fr\/wp-json\/wp\/v2\/tags?post=426454"}],"curies":[{"name":"wp","href":"https:\/\/api.w.org\/{rel}","templated":true}]}}