{"id":426456,"date":"2025-09-29T16:07:10","date_gmt":"2025-09-29T16:07:10","guid":{"rendered":"https:\/\/www.europesays.com\/fr\/426456\/"},"modified":"2025-09-29T16:07:10","modified_gmt":"2025-09-29T16:07:10","slug":"une-pharmacie-experimentale-sur-le-campus-pour-former-les-etudiants","status":"publish","type":"post","link":"https:\/\/www.europesays.com\/fr\/426456\/","title":{"rendered":"une pharmacie exp\u00e9rimentale sur le campus pour former les \u00e9tudiants"},"content":{"rendered":"<p>Muni de son ordonnance, l\u2019usager au nez coulant p\u00e9n\u00e8tre dans la pharmacie flambant neuve, circulant entre les bo\u00eetes de produits parapharmaceutiques bien align\u00e9es sur les comptoirs. Des contenants qui ne lui seront d\u2019aucune utilit\u00e9 car ils ont la particularit\u00e9\u2026 d\u2019\u00eatre totalement vides.<\/p>\n<p>Bienvenue dans la pharmacie exp\u00e9rimentale implant\u00e9e sur le campus Carreire, de l\u2019Universit\u00e9 de Bordeaux. Inaugur\u00e9 jeudi 25\u00a0septembre, ce nouvel \u00e9quipement doit permettre de former <a href=\"https:\/\/www.sudouest.fr\/sante\/a-bordeaux-les-etudiants-en-pharmacie-faches-contre-le-lobbying-des-prepas-prives-23932808.php\" target=\"_blank\" rel=\"follow nofollow noopener\">les \u00e9tudiants en pharmacie<\/a> de la quatri\u00e8me \u00e0 la sixi\u00e8me ann\u00e9e, ainsi que les apprentis pr\u00e9parateurs en pharmacie.<\/p>\n<p>C\u2019est vrai que, \u00e0 bien y regarder, l\u2019endroit semble tout droit sorti du film <a href=\"https:\/\/www.youtube.com\/watch?v=wbCctgKSPDg\" target=\"_blank\" rel=\"nofollow noopener\">\u00ab\u00a0The Truman Show\u00a0\u00bb<\/a>. Rien n\u2019\u00e9chappe aux cam\u00e9ras ou au regard qui se cache dans la r\u00e9gie, derri\u00e8re la vitre sans tain. \u00ab\u00a0Nous pouvons observer comment \u00e9volue l\u2019\u00e9tudiant. Car il s\u2019agit aussi d\u2019avoir une posture\u00a0\u00bb, souligne Fran\u00e7oise Amouroux, pharmacienne adjointe et professeure associ\u00e9e. \u00ab\u00a0Notre m\u00e9tier ne consiste pas seulement \u00e0 donner des bo\u00eetes. Il y a une analyse\u00a0: questionner les gens, savoir utiliser la carte Vitale, regarder l\u2019historique du patient, etc.\u00a0\u00bb<\/p>\n<blockquote><p>\u00ab\u00a0On peut s\u2019amuser \u00e0 glisser certaines bo\u00eetes en premi\u00e8re ligne dans le rayon, et demander aux \u00e9tudiants de trouver l\u2019intrus\u00a0\u00bb<\/p><\/blockquote>\n<p>L\u2019outil permet de simuler des sc\u00e9narios complexes \u00e0 partir de vraies ordonnances anonymis\u00e9es. Un \u00e9tudiant joue le r\u00f4le du pharmacien, un autre celui du patient, pendant que le reste du groupe observe et analyse. Une approche de la formation qui est d\u00e9j\u00e0 r\u00e9pandue en m\u00e9decine, notamment via la plateforme hospitalo-universitaire d\u2019apprentissage par la simulation.<\/p>\n<p>Gr\u00e2ce \u00e0 cet outil, les \u00e9tudiants en pharmacie s\u2019entra\u00eenent \u00e9galement \u00e0 d\u00e9crypter une prescription \u00ab\u00a0qui peut \u00eatre mal \u00e9crite ou qui a des incompatibilit\u00e9s\u00a0\u00bb, ajoute Fran\u00e7oise Amouroux. Les mises en situation peuvent aussi porter sur l\u2019\u00e9ducation th\u00e9rapeutique, cruciale pour l\u2019efficacit\u00e9 des traitements. \u00ab\u00a0Un diab\u00e9tique qui ne sait pas se servir d\u2019un lecteur de glyc\u00e9mie, cela peut \u00eatre dramatique\u00a0\u00bb, rappelle Fran\u00e7oise Amouroux.<\/p>\n<p>Trouver l\u2019intrus<\/p>\n<p>La <a href=\"https:\/\/www.sudouest.fr\/sante\/pourquoi-les-pharmacies-preparatoires-refusent-de-fabriquer-certains-psychotropes-24903518.php\" target=\"_blank\" rel=\"follow nofollow noopener\">pharmacienne<\/a> \u00e9voque un autre avantage de cette mise en condition r\u00e9elle\u00a0: \u00ab\u00a0On peut par exemple s\u2019amuser \u00e0 glisser certaines bo\u00eetes en premi\u00e8re ligne dans le rayon, et demander aux \u00e9tudiants de trouver l\u2019intrus. Toutes les bo\u00eetes ne peuvent pas \u00eatre pr\u00e9sent\u00e9es en premier dans l\u2019officine, par exemple les m\u00e9dicaments, ou certains compl\u00e9ments alimentaires. Nous \u00e9tudions ces r\u00e9glementations.\u00a0\u00bb<\/p>\n<p>L\u2019Universit\u00e9 de Bordeaux est l\u2019une des derni\u00e8res \u00e0 s\u2019\u00e9quiper d\u2019une pharmacie exp\u00e9rimentale. Mais avec ses 170\u00a0m\u00b2, celle-ci est l\u2019une des plus grandes en France. \u00ab\u00a0Nous avons cru que nous ne verrions jamais cette ouverture\u00a0\u00bb, a admis Marine Aulois-Griot. La professeure de droit et d\u2019\u00e9conomie pharmaceutique, \u00e9galement responsable p\u00e9dagogique, a rappel\u00e9 l\u2019existence de la simulation durant les \u00e9tudes, mais dans un cadre loin d\u2019\u00eatre aussi professionnel.<\/p>\n<p>\u00ab\u00a0Nous avions pens\u00e9 installer la pharmacie exp\u00e9rimentale en plusieurs mois, apr\u00e8s quelques coups de pinceau.\u00a0\u00bb C\u2019\u00e9tait sans compter sur le fait que le local choisi n\u2019\u00e9tait plus adapt\u00e9 \u00e0 recevoir du public. La gestation et le chantier ont pris des ann\u00e9es, pour un budget \u00e0 la hauteur des ambitions\u00a0: 450\u00a0000\u00a0euros. L\u2019enveloppe a \u00e9t\u00e9 abond\u00e9e par l\u2019Universit\u00e9 de Bordeaux, le Coll\u00e8ge des sciences de la sant\u00e9, et aux deux tiers par l\u2019Unit\u00e9 de formation et de recherche (UFR) des sciences pharmaceutiques.<\/p>\n","protected":false},"excerpt":{"rendered":"Muni de son ordonnance, l\u2019usager au nez coulant p\u00e9n\u00e8tre dans la pharmacie flambant neuve, circulant entre les bo\u00eetes&hellip;\n","protected":false},"author":2,"featured_media":426457,"comment_status":"","ping_status":"","sticky":false,"template":"","format":"standard","meta":{"footnotes":""},"categories":[2817],"tags":[1111,11,1997,1777,674,1011,27,12,2219,25],"class_list":{"0":"post-426456","1":"post","2":"type-post","3":"status-publish","4":"format-standard","5":"has-post-thumbnail","7":"category-bordeaux","8":"tag-actu","9":"tag-actualites","10":"tag-bordeaux","11":"tag-eu","12":"tag-europe","13":"tag-fr","14":"tag-france","15":"tag-news","16":"tag-nouvelle-aquitaine","17":"tag-republique-francaise"},"share_on_mastodon":{"url":"https:\/\/pubeurope.com\/@fr\/115288450346886202","error":""},"_links":{"self":[{"href":"https:\/\/www.europesays.com\/fr\/wp-json\/wp\/v2\/posts\/426456","targetHints":{"allow":["GET"]}}],"collection":[{"href":"https:\/\/www.europesays.com\/fr\/wp-json\/wp\/v2\/posts"}],"about":[{"href":"https:\/\/www.europesays.com\/fr\/wp-json\/wp\/v2\/types\/post"}],"author":[{"embeddable":true,"href":"https:\/\/www.europesays.com\/fr\/wp-json\/wp\/v2\/users\/2"}],"replies":[{"embeddable":true,"href":"https:\/\/www.europesays.com\/fr\/wp-json\/wp\/v2\/comments?post=426456"}],"version-history":[{"count":0,"href":"https:\/\/www.europesays.com\/fr\/wp-json\/wp\/v2\/posts\/426456\/revisions"}],"wp:featuredmedia":[{"embeddable":true,"href":"https:\/\/www.europesays.com\/fr\/wp-json\/wp\/v2\/media\/426457"}],"wp:attachment":[{"href":"https:\/\/www.europesays.com\/fr\/wp-json\/wp\/v2\/media?parent=426456"}],"wp:term":[{"taxonomy":"category","embeddable":true,"href":"https:\/\/www.europesays.com\/fr\/wp-json\/wp\/v2\/categories?post=426456"},{"taxonomy":"post_tag","embeddable":true,"href":"https:\/\/www.europesays.com\/fr\/wp-json\/wp\/v2\/tags?post=426456"}],"curies":[{"name":"wp","href":"https:\/\/api.w.org\/{rel}","templated":true}]}}