{"id":426479,"date":"2025-09-29T16:19:10","date_gmt":"2025-09-29T16:19:10","guid":{"rendered":"https:\/\/www.europesays.com\/fr\/426479\/"},"modified":"2025-09-29T16:19:10","modified_gmt":"2025-09-29T16:19:10","slug":"le-parcours-de-la-manifestation-parisienne-devoile","status":"publish","type":"post","link":"https:\/\/www.europesays.com\/fr\/426479\/","title":{"rendered":"le parcours de la manifestation parisienne d\u00e9voil\u00e9"},"content":{"rendered":"<p>Une nouvelle journ\u00e9e de mobilisation a \u00e9t\u00e9 annonc\u00e9e par l&rsquo;intersyndicale le 2 octobre prochain apr\u00e8s celle du 18 septembre dernier.<\/p>\n<p>Apr\u00e8s son entretien avec S\u00e9bastien Lecornu, les diff\u00e9rentes organisations syndicales ont appel\u00e9 \u00e0 <a href=\"https:\/\/www.bfmtv.com\/economie\/entreprises\/transports\/c-est-le-moment-de-taper-tres-fort-tous-les-syndicats-de-la-sncf-appellent-a-la-greve-le-2-octobre_AV-202509250676.html\" title=\"&quot;C&#039;est le moment de taper tr\u00e8s fort&quot;: tous les syndicats de la SNCF appellent \u00e0 la gr\u00e8ve le 2 octobre\" class=\"internal_link\" rel=\"nofollow noopener\" target=\"_blank\">une nouvelle journ\u00e9e de gr\u00e8ve et de mobilisation<\/a> pr\u00e9vue le 2 octobre. L&rsquo;intersyndicale r\u00e9clamait notamment l&rsquo;abrogation de la r\u00e9forme des retraites de 2023.<\/p>\n<p>\u00c0 Paris, la manifestation d\u00e9butera donc sur la place d&rsquo;Italie (13e arrondissement) pour finir place Vauban, dans le 7e arrondissement, a appris BFMTV ce lundi 29 septembre.<\/p>\n<p>\u00ab\u00a0Le Premier ministre n&rsquo;a apport\u00e9 aucune r\u00e9ponse claire\u00a0\u00bb<\/p>\n<p>Moins d&rsquo;une semaine apr\u00e8s <strong><a href=\"https:\/\/www.bfmtv.com\/economie\/economie-social\/video-manifestation-du-18-septembre-quel-bilan_VN-202509190504.html\" title=\"Manifestation du 18 septembre : quel bilan ?\" class=\"internal_link\" rel=\"nofollow noopener\" target=\"_blank\">la journ\u00e9e d&rsquo;action du 18 septembre<\/a><\/strong> qui a r\u00e9uni entre 500.000 et un million de manifestants dans tout le pays, les syndicats s&rsquo;\u00e9taient rendus \u00e0 Matignon, sur invitation de S\u00e9bastien Lecornu pour obtenir davantage de r\u00e9ponses sur leurs revendications.<\/p>\n<p>\u00ab\u00a0Le Premier ministre n&rsquo;a apport\u00e9 aucune r\u00e9ponse claire aux attentes de travailleurs et des travailleuses\u00a0\u00bb, a d\u00e9plor\u00e9 la secr\u00e9taire g\u00e9n\u00e9rale de la CFDT Marylise L\u00e9on \u00e0 la sortie de Matignon, \u00e0 l&rsquo;issue de cet entretien.<\/p>\n<p>Ga\u00ebtane Meslin avec Ilyana Hamiti<\/p>\n","protected":false},"excerpt":{"rendered":"Une nouvelle journ\u00e9e de mobilisation a \u00e9t\u00e9 annonc\u00e9e par l&rsquo;intersyndicale le 2 octobre prochain apr\u00e8s celle du 18&hellip;\n","protected":false},"author":2,"featured_media":426480,"comment_status":"","ping_status":"","sticky":false,"template":"","format":"standard","meta":{"footnotes":""},"categories":[1888],"tags":[1111,1928,11,1927,1777,674,1011,27,12,1926,626,1925,25],"class_list":{"0":"post-426479","1":"post","2":"type-post","3":"status-publish","4":"format-standard","5":"has-post-thumbnail","7":"category-paris","8":"tag-actu","9":"tag-actu-paris","10":"tag-actualites","11":"tag-actualites-paris","12":"tag-eu","13":"tag-europe","14":"tag-fr","15":"tag-france","16":"tag-news","17":"tag-news-paris","18":"tag-paris","19":"tag-paris-news","20":"tag-republique-francaise"},"share_on_mastodon":{"url":"https:\/\/pubeurope.com\/@fr\/115288497636869477","error":""},"_links":{"self":[{"href":"https:\/\/www.europesays.com\/fr\/wp-json\/wp\/v2\/posts\/426479","targetHints":{"allow":["GET"]}}],"collection":[{"href":"https:\/\/www.europesays.com\/fr\/wp-json\/wp\/v2\/posts"}],"about":[{"href":"https:\/\/www.europesays.com\/fr\/wp-json\/wp\/v2\/types\/post"}],"author":[{"embeddable":true,"href":"https:\/\/www.europesays.com\/fr\/wp-json\/wp\/v2\/users\/2"}],"replies":[{"embeddable":true,"href":"https:\/\/www.europesays.com\/fr\/wp-json\/wp\/v2\/comments?post=426479"}],"version-history":[{"count":0,"href":"https:\/\/www.europesays.com\/fr\/wp-json\/wp\/v2\/posts\/426479\/revisions"}],"wp:featuredmedia":[{"embeddable":true,"href":"https:\/\/www.europesays.com\/fr\/wp-json\/wp\/v2\/media\/426480"}],"wp:attachment":[{"href":"https:\/\/www.europesays.com\/fr\/wp-json\/wp\/v2\/media?parent=426479"}],"wp:term":[{"taxonomy":"category","embeddable":true,"href":"https:\/\/www.europesays.com\/fr\/wp-json\/wp\/v2\/categories?post=426479"},{"taxonomy":"post_tag","embeddable":true,"href":"https:\/\/www.europesays.com\/fr\/wp-json\/wp\/v2\/tags?post=426479"}],"curies":[{"name":"wp","href":"https:\/\/api.w.org\/{rel}","templated":true}]}}