{"id":42648,"date":"2025-04-21T23:35:08","date_gmt":"2025-04-21T23:35:08","guid":{"rendered":"https:\/\/www.europesays.com\/fr\/42648\/"},"modified":"2025-04-21T23:35:08","modified_gmt":"2025-04-21T23:35:08","slug":"quand-la-france-ferme-des-ecoles-et-ouvre-des-prisons-coutant-un-pognon-de-dingue","status":"publish","type":"post","link":"https:\/\/www.europesays.com\/fr\/42648\/","title":{"rendered":"\u00abQuand la France ferme des \u00e9coles et ouvre des prisons co\u00fbtant \u201cun pognon de dingue\u201d\u00bb"},"content":{"rendered":"<p><strong>CHRONIQUE &#8211; <\/strong>La construction d\u2019une place de prison co\u00fbte 350.000 euros. C\u2019est quinze fois plus qu\u2019une place dans un coll\u00e8ge.<\/p>\n<p class=\"fig-paragraph\"><a href=\"http:\/\/www.lefigaro.fr\/flash-actu\/gerald-darmanin-retire-les-nationalistes-corses-du-fichier-des-infractions-terroristes-20250227\" data-fig-type=\"NewsFlash\" data-gtm-custom-categorie=\"navigation\" data-gtm-custom-action=\"crossclick\" data-gtm-custom-label=\"Contextuel\" data-gtm-event=\"customEventSPE\" data-fig-domain=\"LEFIGARO\" target=\"_blank\" rel=\"noopener\">G\u00e9rald Darmanin<\/a>\u00a0est un homme press\u00e9. Partout o\u00f9 il passe, tel le Petit Poucet, il d\u00e9pose un caillou luminescent visible de tous\u00a0: la retenue \u00e0 la source de l\u2019imp\u00f4t sur le revenu en 2018 quand il \u00e9tait \u00e0 Bercy responsable du Budget, et, dans un autre registre, la loi asile et immigration de l\u2019hiver 2023-2024, en tant que ministre de l\u2019Int\u00e9rieur. Devenu garde des Sceaux, il s\u2019attaque\u200a-\u200asans jeu de mots\u200a-\u200aau dossier des prisons avec un entrain olympique. \u00ab\u200aPlus vite, plus fort, moins cher\u00a0\u00bb, tel semble \u00eatre son slogan pour panser l\u2019une des plaies les plus purulentes de la R\u00e9publique, associant gabegie d\u2019argent public et inefficacit\u00e9 des services rendus.<\/p>\n<p class=\"fig-paragraph\">La surpopulation carc\u00e9rale \u2013 82.900\u2002d\u00e9tenus au 1er avril 2025, France enti\u00e8re, pour 62.539 places r\u00e9elles, soit un taux d\u2019occupation de plus de 130\u200a%\u200a- nous vaut l\u2019opprobre de nos voisins et les remontrances r\u00e9currentes de la Cour europ\u00e9enne des droits de l\u2019homme (CEDH). Il n\u2019est plus permis de lanterner vu la tendance exponentielle\u2026<\/p>\n<p class=\"fig-premium-paywall__infos\">\n        Cet article est r\u00e9serv\u00e9 aux abonn\u00e9s.        Il vous reste 85% \u00e0 d\u00e9couvrir.\n    <\/p>\n<p>                <img  data- alt=\"Le Figaro\" class=\"fig-img--complete fig-img\"\/><\/p>\n<p class=\"fig-premium-paywall__title\">Vous avez envie de lire la suite ?<\/p>\n<p class=\"fig-premium-paywall__subtitle\">D\u00e9bloquez tous les articles imm\u00e9diatement.<\/p>\n<p class=\"fig-premium-paywall__connect\">\n                D\u00e9j\u00e0 abonn\u00e9\u00a0?                <a class=\"fig-premium-paywall__connect-link\" href=\"https:\/\/connect.lefigaro.fr\/login?client=horizon_web&amp;type=main&amp;redirect_uri=https%3A%2F%2Fwww.lefigaro.fr%2Fconjoncture%2Fjean-pierre-robin-quand-la-france-ferme-des-ecoles-et-ouvre-des-prisons-coutant-un-pognon-de-dingue-20250421\" data-js-gtm=\"{&quot;customCategorie&quot;: &quot;conversion&quot;, &quot;customAction&quot;: &quot;before_Landing_Connexion_paywall_auto&quot;, &quot;customLabel&quot;: &quot;bGVmaWdhcm8uZnJfXzFmMDFlYzU3LWNkYjgtNmFhNi05MmJhLTNiZjdlMzZkZjQ2ZV9fQXJ0aWNsZQ==_Jean-Pierre Robin: \u00abQuand la France ferme des \u00e9coles et ouvre des prisons co\u00fbtant \u201cun pognon de dingue\u201d\u00bb_332&quot;, &quot;customIDSPE&quot;: &quot;bGVmaWdhcm8uZnJfXzFmMDFlYzU3LWNkYjgtNmFhNi05MmJhLTNiZjdlMzZkZjQ2ZV9fQXJ0aWNsZQ==&quot;, &quot;event&quot;: &quot;customEventSPE&quot;}\" target=\"_blank\" rel=\"noopener\"><br \/>\n                    Connectez-vous<br \/>\n                <\/a>\n            <\/p>\n","protected":false},"excerpt":{"rendered":"CHRONIQUE &#8211; La construction d\u2019une place de prison co\u00fbte 350.000 euros. C\u2019est quinze fois plus qu\u2019une place dans&hellip;\n","protected":false},"author":2,"featured_media":42649,"comment_status":"","ping_status":"","sticky":false,"template":"","format":"standard","meta":{"footnotes":""},"categories":[4],"tags":[339,11,340,343,345,350,130,344,352,349,33,341,313,1011,27,346,342,353,351,347,12,806,348,25,354],"class_list":{"0":"post-42648","1":"post","2":"type-post","3":"status-publish","4":"format-standard","5":"has-post-thumbnail","7":"category-france","8":"tag-actualite-economique","9":"tag-actualites","10":"tag-bourse","11":"tag-cac-40","12":"tag-chef-dentreprise","13":"tag-concurrence","14":"tag-consommation","15":"tag-creation-dentreprise","16":"tag-crise","17":"tag-delocalisations","18":"tag-economie","19":"tag-emploi","20":"tag-entreprises","21":"tag-fr","22":"tag-france","23":"tag-grands-patrons","24":"tag-impots","25":"tag-licenciements","26":"tag-monopole","27":"tag-multinationales","28":"tag-news","29":"tag-prison","30":"tag-privatisation","31":"tag-republique-francaise","32":"tag-unio"},"share_on_mastodon":{"url":"https:\/\/pubeurope.com\/@fr\/114378579862551571","error":""},"_links":{"self":[{"href":"https:\/\/www.europesays.com\/fr\/wp-json\/wp\/v2\/posts\/42648","targetHints":{"allow":["GET"]}}],"collection":[{"href":"https:\/\/www.europesays.com\/fr\/wp-json\/wp\/v2\/posts"}],"about":[{"href":"https:\/\/www.europesays.com\/fr\/wp-json\/wp\/v2\/types\/post"}],"author":[{"embeddable":true,"href":"https:\/\/www.europesays.com\/fr\/wp-json\/wp\/v2\/users\/2"}],"replies":[{"embeddable":true,"href":"https:\/\/www.europesays.com\/fr\/wp-json\/wp\/v2\/comments?post=42648"}],"version-history":[{"count":0,"href":"https:\/\/www.europesays.com\/fr\/wp-json\/wp\/v2\/posts\/42648\/revisions"}],"wp:featuredmedia":[{"embeddable":true,"href":"https:\/\/www.europesays.com\/fr\/wp-json\/wp\/v2\/media\/42649"}],"wp:attachment":[{"href":"https:\/\/www.europesays.com\/fr\/wp-json\/wp\/v2\/media?parent=42648"}],"wp:term":[{"taxonomy":"category","embeddable":true,"href":"https:\/\/www.europesays.com\/fr\/wp-json\/wp\/v2\/categories?post=42648"},{"taxonomy":"post_tag","embeddable":true,"href":"https:\/\/www.europesays.com\/fr\/wp-json\/wp\/v2\/tags?post=42648"}],"curies":[{"name":"wp","href":"https:\/\/api.w.org\/{rel}","templated":true}]}}