{"id":426485,"date":"2025-09-29T16:22:12","date_gmt":"2025-09-29T16:22:12","guid":{"rendered":"https:\/\/www.europesays.com\/fr\/426485\/"},"modified":"2025-09-29T16:22:12","modified_gmt":"2025-09-29T16:22:12","slug":"benoit-daboville-une-escalade-militaire-avec-la-russie-est-toujours-possible","status":"publish","type":"post","link":"https:\/\/www.europesays.com\/fr\/426485\/","title":{"rendered":"Beno\u00eet d\u2019Aboville\u00a0: \u201cUne escalade militaire avec la Russie est toujours possible\u201d"},"content":{"rendered":"<p class=\"p2\"><strong>Alors que les provocations russes se multiplient dans les pays europ\u00e9ens membres de l\u2019Otan, <\/strong>le diplomate <strong>Beno\u00eet d\u2019Aboville<\/strong> publie, dans la revue Commentaire, un sc\u00e9nario d\u2019invasion russe en Lituanie. La menace est-elle en train de devenir r\u00e9alit\u00e9\u00a0? Entretien.<\/p>\n<p class=\"p3\">\u00a0<\/p>\n<p class=\"p3 alt\">Le sc\u00e9nario original de Beno\u00eet d\u2019Aboville et d\u2019Antoine Bouvier est <a href=\"https:\/\/www.commentaire.fr\/le-corridor-de-suwalki\/\" rel=\"nofollow noopener\" target=\"_blank\">\u00e0 lire ici<\/a>, sur le site de <a href=\"https:\/\/www.commentaire.fr\/numeros\/automne-2025-191\/\" rel=\"nofollow noopener\" target=\"_blank\">la revue Commentaire<\/a>.<\/p>\n<p class=\"p3\">\u00a0<\/p>\n<p class=\"p5\"><strong>Les textes d\u2019anticipation en g\u00e9ostrat\u00e9gie ont le vent en poupe.<\/strong> Il y a quelques semaines paraissait <a href=\"https:\/\/www.grasset.fr\/livre\/la-guerre-dapres-9782246844266\/\" rel=\"nofollow noopener\" target=\"_blank\">La Guerre d\u2019apr\u00e8s<\/a> (Grasset, 2025), r\u00e9cit d\u2019une agression russe en Estonie, r\u00e9dig\u00e9e par l\u2019expert militaire allemand <strong>Carlo Masala<\/strong>. Le dernier num\u00e9ro de la revue Commentaire, fond\u00e9e par <strong>Raymond Aron<\/strong>, propose un autre sc\u00e9nario. Ses auteurs sont <strong>Beno\u00eet d\u2019Aboville<\/strong>, diplomate qui a \u00e9t\u00e9 ambassadeur de France \u00e0 Prague, \u00e0 Varsovie et aupr\u00e8s de l\u2019Otan, et <strong>Antoine Bouvier<\/strong>, qui a \u00e9t\u00e9 \u00e0 la t\u00eate d\u2019un grand groupe dans l\u2019industrie de l\u2019armement. Au sein du cercle de r\u00e9flexion Vysium r\u00e9unissant diplomates, anciens responsables militaires et hommes d\u2019affaires, <a href=\"https:\/\/www.commentaire.fr\/le-corridor-de-suwalki\/\" rel=\"nofollow noopener\" target=\"_blank\">ils ont imagin\u00e9<\/a> un regain de tension autour de l\u2019un des talons d\u2019Achille de l\u2019Alliance atlantique\u00a0: <a href=\"https:\/\/fr.wikipedia.org\/wiki\/Corridor_de_Suwa%C5%82ki\" rel=\"nofollow noopener\" target=\"_blank\">le corridor de Suwa\u0142ki<\/a>. Cette bande de 80 kilom\u00e8tres de long marque la fronti\u00e8re entre la Pologne et la Lituanie, mais surtout, elle relie l\u2019enclave russe de Kaliningrad et le B\u00e9larus (la Bi\u00e9lorussie), alli\u00e9 de Moscou.<\/p>\n<p><a href=\"https:\/\/www.europesays.com\/fr\/wp-content\/uploads\/2025\/09\/corridor2.jpg\"><img decoding=\"async\" src=\"https:\/\/www.europesays.com\/fr\/wp-content\/uploads\/2025\/09\/corridor2.jpg\" data-entity-uuid=\"42cad699-2382-40c3-903e-f117749e35fe\" data-entity-type=\"file\" alt=\"\u00a9 Creative Commons \u2014 Adaptation\u00a0: HS pour PM\" width=\"940\" height=\"498\" loading=\"lazy\"\/><\/a><\/p>\n<p class=\"text-align-center p5 legend\">\u00a9 Creative Commons \u2014 Adaptation\u00a0: HS pour PM<\/p>\n<p class=\"p5\"><strong>Le sc\u00e9nario d\u00e9bute en juin 2026 avec le d\u00e9c\u00e8s du dictateur bi\u00e9lorusse Alexandre Loukachenko. <\/strong>La Lituanie est alors envahie par la Russie et le B\u00e9larus. Le fameux corridor est occup\u00e9, coupant les pays baltes du reste de l\u2019Otan. Les capitales occidentales comprennent que la Russie est en train de tester la solidit\u00e9 de l\u2019article 5 de l\u2019Alliance atlantique \u2013 <a href=\"https:\/\/www.nato.int\/cps\/en\/natohq\/topics_110496.htm?selectedLocale=fr\" rel=\"nofollow noopener\" target=\"_blank\">le principe de d\u00e9fense collective<\/a>, qui est au fondement m\u00eame de l\u2019Otan. Tandis que <strong>Donald Trump<\/strong> tergiverse et h\u00e9site \u00e0 r\u00e9agir, <strong>Emmanuel Macron<\/strong> se pose en rempart de l\u2019int\u00e9grit\u00e9 europ\u00e9enne et proclame que la Lituanie doit \u00eatre d\u00e9fendue. <strong>Poutine<\/strong> menace Emmanuel Macron de frapper la Corse avec des missiles nucl\u00e9aires. L\u2019opinion publique d\u00e9plore la perte des soldats fran\u00e7ais d\u00e9j\u00e0 positionn\u00e9s en Lituanie au titre de l\u2019Otan, depuis 2022, pour la d\u00e9fense des pays baltes. Mais le pr\u00e9sident fran\u00e7ais maintient l\u2019ambigu\u00eft\u00e9 sur l\u2019utilisation de son potentiel nucl\u00e9aire. Vladimir Poutine finit par c\u00e9der et retire ses troupes. Pour faire oublier cet \u00e9pisode et continuer d\u2019affaiblir l\u2019Occident, il propose un plan de limitation des armements en Europe susceptible de peser sur les opinions europ\u00e9ennes.<\/p>\n<p class=\"p5\"><strong>Ce sc\u00e9nario est assez subtil. <\/strong>En agressant un ancien sujet de l\u2019empire sovi\u00e9tique, Vladimir Poutine laisse entendre que cette op\u00e9ration militaire est limit\u00e9e et ne touchera pas le reste de l\u2019Europe. Il retire ses troupes face \u00e0 la r\u00e9action de la France. Mais il en profite pour lancer une nouvelle initiative visant, \u00e0 terme, \u00e0 d\u00e9sarmer l\u2019Europe. Afin de rattaquer plus tard\u00a0?<\/p>\n","protected":false},"excerpt":{"rendered":"Alors que les provocations russes se multiplient dans les pays europ\u00e9ens membres de l\u2019Otan, le diplomate Beno\u00eet d\u2019Aboville&hellip;\n","protected":false},"author":2,"featured_media":426486,"comment_status":"","ping_status":"","sticky":false,"template":"","format":"standard","meta":{"footnotes":""},"categories":[1591],"tags":[11,1120,674,1887,1892,1146,55519,2050,1147,12,2437,2405,1885,1886,132,220],"class_list":{"0":"post-426485","1":"post","2":"type-post","3":"status-publish","4":"format-standard","5":"has-post-thumbnail","7":"category-russie","8":"tag-actualites","9":"tag-agression","10":"tag-europe","11":"tag-federation-de-russie","12":"tag-gu00e9opolitique","13":"tag-guerre","14":"tag-kaliningrad","15":"tag-lituanie","16":"tag-menace","17":"tag-news","18":"tag-pologne","19":"tag-poutine","20":"tag-russia","21":"tag-russian-federation","22":"tag-russie","23":"tag-ukraine"},"share_on_mastodon":{"url":"https:\/\/pubeurope.com\/@fr\/115288509441214676","error":""},"_links":{"self":[{"href":"https:\/\/www.europesays.com\/fr\/wp-json\/wp\/v2\/posts\/426485","targetHints":{"allow":["GET"]}}],"collection":[{"href":"https:\/\/www.europesays.com\/fr\/wp-json\/wp\/v2\/posts"}],"about":[{"href":"https:\/\/www.europesays.com\/fr\/wp-json\/wp\/v2\/types\/post"}],"author":[{"embeddable":true,"href":"https:\/\/www.europesays.com\/fr\/wp-json\/wp\/v2\/users\/2"}],"replies":[{"embeddable":true,"href":"https:\/\/www.europesays.com\/fr\/wp-json\/wp\/v2\/comments?post=426485"}],"version-history":[{"count":0,"href":"https:\/\/www.europesays.com\/fr\/wp-json\/wp\/v2\/posts\/426485\/revisions"}],"wp:featuredmedia":[{"embeddable":true,"href":"https:\/\/www.europesays.com\/fr\/wp-json\/wp\/v2\/media\/426486"}],"wp:attachment":[{"href":"https:\/\/www.europesays.com\/fr\/wp-json\/wp\/v2\/media?parent=426485"}],"wp:term":[{"taxonomy":"category","embeddable":true,"href":"https:\/\/www.europesays.com\/fr\/wp-json\/wp\/v2\/categories?post=426485"},{"taxonomy":"post_tag","embeddable":true,"href":"https:\/\/www.europesays.com\/fr\/wp-json\/wp\/v2\/tags?post=426485"}],"curies":[{"name":"wp","href":"https:\/\/api.w.org\/{rel}","templated":true}]}}