{"id":426487,"date":"2025-09-29T16:23:16","date_gmt":"2025-09-29T16:23:16","guid":{"rendered":"https:\/\/www.europesays.com\/fr\/426487\/"},"modified":"2025-09-29T16:23:16","modified_gmt":"2025-09-29T16:23:16","slug":"et-alors-viktor-orban-minimise-laccusation-des-drones-hongrois-en-ukraine-un-pays-pas-souverain-29-09-2025-a-1624","status":"publish","type":"post","link":"https:\/\/www.europesays.com\/fr\/426487\/","title":{"rendered":"\u00ab\u00a0Et alors?\u00a0\u00bb : Viktor Orban minimise l&rsquo;accusation des drones hongrois en Ukraine, un pays \u00ab\u00a0pas souverain\u00a0\u00bb &#8211; 29\/09\/2025 \u00e0 16:24"},"content":{"rendered":"<p> Volodymyr Zelensky a affirm\u00e9 vendredi que \u00ab\u00a0des drones de reconnaissance probablement hongrois\u00a0\u00bb avaient viol\u00e9 l&rsquo;espace a\u00e9rien de l&rsquo;Ukraine. Le minist\u00e8re hongrois de la D\u00e9fense lui avait r\u00e9pondu, rejetant des \u00ab\u00a0all\u00e9gations totalement infond\u00e9es\u00a0\u00bb.<\/p>\n<p>        <img fetchpriority=\"high\" decoding=\"async\" src=\"https:\/\/www.europesays.com\/fr\/wp-content\/uploads\/2025\/09\/27cc27e9f48ce1c1b4d6cec95f8172c4-760x507.jpg\" alt=\"Viktor Orban, le 26 juin 2025, \u00e0 Bruxelles ( AFP \/ JOHN THYS )\" loading=\"eager\" width=\"760\" height=\"507\" style=\"max-width: 100%!important; height: auto;\"\/><\/p>\n<p class=\"c-image-news__legend\">Viktor Orban, le 26 juin 2025, \u00e0 Bruxelles ( AFP \/ JOHN THYS )<\/p>\n<p>\n Pendant que<br \/>\n <a href=\"https:\/\/www.boursorama.com\/actualite-economique\/actualites\/sommet-de-l-ue-la-france-deploie-un-detachement-militaire-de-lutte-contre-les-drones-au-danemark-35318e050dff41aedcfc46ff1c36aa72\" title=\"Sommet de l UE : la France d\u00e9ploie un d\u00e9tachement militaire de lutte contre les drones au Danemark\" target=\"_blank\" rel=\"noopener\"><br \/>\n  l&rsquo;Europe s&rsquo;organise face aux incursions de drones<br \/>\n <\/a><br \/>\n observ\u00e9es notamment au Danemark, le Premier ministre Viktor Orban a lui minimis\u00e9 le survol \u00e9ventuel par des drones hongrois de l&rsquo;espace a\u00e9rien ukrainien, tout en estimant que son pays voisin en guerre n&rsquo;\u00e9tait pas \u00ab\u00a0souverain\u00a0\u00bb, puisqu&rsquo;il d\u00e9pend de l&rsquo;Occident.\n<\/p>\n<p>\n \u00ab\u00a0Que deux, trois ou quatre drones hongrois aient franchi la fronti\u00e8re ou non n&rsquo;est pas le probl\u00e8me\u00a0\u00bb, a d\u00e9clar\u00e9 Viktor Orban lundi 29 septembre, disant \u00ab\u00a0tendre \u00e0 croire son ministre\u00a0\u00bb de la D\u00e9fense Kristof Szalay-Bobrovniczky, qui a ni\u00e9 les accusations.\n<\/p>\n<p> \u00ab\u00a0L&rsquo;Ukraine n&rsquo;est pas un pays ind\u00e9pendant et souverain, c&rsquo;est nous qui la maintenons \u00e0 flot\u00a0\u00bb, lance Orban<\/p>\n<p>\n <strong><br \/>\n  \u00ab\u00a0Disons qu&rsquo;ils aient vol\u00e9 quelques m\u00e8tres dans le pays, et alors?\u00a0\u00bb,<br \/>\n <\/strong><br \/>\n a-t-il ajout\u00e9 dans un podcast anim\u00e9 par le porte-parole de son parti, affirmant que Kiev devrait plut\u00f4t \u00ab\u00a0s&rsquo;inqui\u00e9ter des drones\u00a0\u00bb russes \u00ab\u00a0\u00e0 sa fronti\u00e8re orientale\u00a0\u00bb.<br \/>\n <strong><br \/>\n  \u00ab\u00a0L&rsquo;Ukraine n&rsquo;est pas un pays ind\u00e9pendant et souverain, c&rsquo;est nous qui la maintenons \u00e0 flot, donc elle ne devrait pas se comporter comme si elle l&rsquo;\u00e9tait\u00a0\u00bb,<br \/>\n <\/strong><br \/>\n a-t-il ajout\u00e9.\n<\/p>\n<p>\n <strong><br \/>\n  Selon lui, si \u00ab\u00a0l&rsquo;Occident d\u00e9cidait demain de ne plus donner un seul forint (monnaie en circulation en Hongrie, ndlr), l&rsquo;Ukraine s&rsquo;effondrerait\u00a0\u00bb<br \/>\n <\/strong><br \/>\n .\n<\/p>\n<p> D\u00e9t\u00e9rioration des relations Kiev-Budapest<\/p>\n<p>\n Rare pays de l&rsquo;Otan et de l&rsquo;Union europ\u00e9enne \u00e0 avoir renforc\u00e9 ses liens politiques et \u00e9conomiques avec Moscou depuis l&rsquo;invasion de l&rsquo;Ukraine en 2022, la Hongrie partage environ 140 kilom\u00e8tres de fronti\u00e8re avec la partie occidentale de l&rsquo;Ukraine. La Hongrie refuse d&rsquo;aider militairement Kiev, paralyse ses n\u00e9gociations d&rsquo;adh\u00e9sion \u00e0 l&rsquo;Union europ\u00e9enne et entrave l&rsquo;adoption des sanctions de l&rsquo;UE contre la Russie.\n<\/p>\n<p>\n Les tensions entre Kiev et Budapest, d\u00e9j\u00e0 importantes auparavant, se sont accrues depuis le d\u00e9but de la guerre et<br \/>\n <strong><br \/>\n  Viktor Orban avait d\u00e9j\u00e0 d\u00e9peint l&rsquo;Ukraine comme un \u00e9tat vassal auparavant.<br \/>\n <\/strong><br \/>\n Lundi, Budapest a annonc\u00e9 avoir interdit douze sites internet ukrainiens d&rsquo;information, en r\u00e9ponse au blocage par Kiev de deux sites progouvernementaux hongrois.  L&rsquo;Ukraine, qui compte une minorit\u00e9 magyarophone dans la r\u00e9gion de Transcarpatie, frontali\u00e8re de la Hongrie, a maintes fois d\u00e9plor\u00e9 que Budapest distribue des dizaines de milliers de passeports hongrois \u00e0 ses citoyens.<\/p>\n","protected":false},"excerpt":{"rendered":"Volodymyr Zelensky a affirm\u00e9 vendredi que \u00ab\u00a0des drones de reconnaissance probablement hongrois\u00a0\u00bb avaient viol\u00e9 l&rsquo;espace a\u00e9rien de l&rsquo;Ukraine.&hellip;\n","protected":false},"author":2,"featured_media":426488,"comment_status":"","ping_status":"","sticky":false,"template":"","format":"standard","meta":{"footnotes":""},"categories":[1590],"tags":[400,11,398,408,405,1777,674,403,402,399,404,12,401,406,220,407],"class_list":{"0":"post-426487","1":"post","2":"type-post","3":"status-publish","4":"format-standard","5":"has-post-thumbnail","7":"category-ukraine","8":"tag-action-cac-40","9":"tag-actualites","10":"tag-bourse-de-paris","11":"tag-boursorama","12":"tag-cotations","13":"tag-eu","14":"tag-europe","15":"tag-indices-devises","16":"tag-investir","17":"tag-investissement","18":"tag-marche-boursier","19":"tag-news","20":"tag-sicav","21":"tag-trackers","22":"tag-ukraine","23":"tag-warrants"},"share_on_mastodon":{"url":"https:\/\/pubeurope.com\/@fr\/115288513309459013","error":""},"_links":{"self":[{"href":"https:\/\/www.europesays.com\/fr\/wp-json\/wp\/v2\/posts\/426487","targetHints":{"allow":["GET"]}}],"collection":[{"href":"https:\/\/www.europesays.com\/fr\/wp-json\/wp\/v2\/posts"}],"about":[{"href":"https:\/\/www.europesays.com\/fr\/wp-json\/wp\/v2\/types\/post"}],"author":[{"embeddable":true,"href":"https:\/\/www.europesays.com\/fr\/wp-json\/wp\/v2\/users\/2"}],"replies":[{"embeddable":true,"href":"https:\/\/www.europesays.com\/fr\/wp-json\/wp\/v2\/comments?post=426487"}],"version-history":[{"count":0,"href":"https:\/\/www.europesays.com\/fr\/wp-json\/wp\/v2\/posts\/426487\/revisions"}],"wp:featuredmedia":[{"embeddable":true,"href":"https:\/\/www.europesays.com\/fr\/wp-json\/wp\/v2\/media\/426488"}],"wp:attachment":[{"href":"https:\/\/www.europesays.com\/fr\/wp-json\/wp\/v2\/media?parent=426487"}],"wp:term":[{"taxonomy":"category","embeddable":true,"href":"https:\/\/www.europesays.com\/fr\/wp-json\/wp\/v2\/categories?post=426487"},{"taxonomy":"post_tag","embeddable":true,"href":"https:\/\/www.europesays.com\/fr\/wp-json\/wp\/v2\/tags?post=426487"}],"curies":[{"name":"wp","href":"https:\/\/api.w.org\/{rel}","templated":true}]}}