{"id":426493,"date":"2025-09-29T16:26:36","date_gmt":"2025-09-29T16:26:36","guid":{"rendered":"https:\/\/www.europesays.com\/fr\/426493\/"},"modified":"2025-09-29T16:26:36","modified_gmt":"2025-09-29T16:26:36","slug":"pourquoi-lallemagne-vit-elle-une-crise-economique-majeure-et-pourquoi-cela-va-aller-mieux-ensuite","status":"publish","type":"post","link":"https:\/\/www.europesays.com\/fr\/426493\/","title":{"rendered":"Pourquoi l\u2019Allemagne vit-elle une crise \u00e9conomique majeure (et pourquoi cela va aller mieux ensuite) ?"},"content":{"rendered":"<p class=\"mb-4 text-lg md:leading-8 break-words\"><strong>salut voisin &#8211; Alors que les annonces de licenciements parmi les fleurons allemands se succ\u00e8dent, le pays conna\u00eet une crise inconnue \u00ab\u00a0depuis trente ans\u00a0\u00bb, et les perspectives de croissance \u00ab\u00a0sont plut\u00f4t faibles\u00a0\u00bb, selon plusieurs chercheurs<\/strong><\/p>\n<p class=\"mb-4 text-lg md:leading-8 break-words\">Alors que \u00ab\u00a0la <a href=\"https:\/\/www.radiofrance.fr\/franceinter\/podcasts\/on-n-arrete-pas-l-eco\/on-n-arrete-pas-l-eco-l-invite-e-du-samedi-13-septembre-2025-3880511?at_medium=RSS%20feed&amp;at_campaign=ynews&amp;utm_source=yahoo&amp;utm_medium=rss&amp;utm_campaign=news_feed&amp;utm_content=in_article_link\" rel=\"nofollow noopener\" target=\"_blank\" data-ylk=\"slk:France est devenue l\u2019homme malade;elm:context_link;itc:0;sec:content-canvas\" class=\"link \">France est devenue l\u2019homme malade<\/a> de l\u2019Union europ\u00e9enne\u00a0\u00bb, selon le pr\u00e9sident de la F\u00e9d\u00e9ration bancaire Daniel Baal, que l<a href=\"https:\/\/www.20minutes.fr\/economie\/4175393-20250926-finances-publiques-dette-france-encore-grossi-etabli-nouveau-record?at_medium=RSS%20feed&amp;at_campaign=ynews&amp;utm_source=yahoo&amp;utm_medium=rss&amp;utm_campaign=news_feed&amp;utm_content=in_article_link\" rel=\"nofollow noopener\" target=\"_blank\" data-ylk=\"slk:\u2019\u00e9tat de la dette;elm:context_link;itc:0;sec:content-canvas\" class=\"link \">\u2019\u00e9tat de la dette<\/a> empoisonne le d\u00e9bat national, l\u2019Allemagne, championne \u00e9conomique europ\u00e9enne, est loin d\u2019\u00eatre dans une situation brillante.<\/p>\n<p class=\"mb-4 text-lg md:leading-8 break-words\">Son \u00e9conomie souffre \u00ab\u00a0d\u2019une p\u00e9riode de stagnation \u00e9conomique prolong\u00e9e, comprenant des phases de r\u00e9cession en\u00a02023 et\u00a02024, et des perspectives de croissance plut\u00f4t faible\u00a0\u00bb, analyse <a href=\"https:\/\/www.dfi.de\/fr\/services\/conferences-et-animation-de-debats\/eileen-keller?at_medium=RSS%20feed&amp;at_campaign=ynews&amp;utm_source=yahoo&amp;utm_medium=rss&amp;utm_campaign=news_feed&amp;utm_content=in_article_link\" rel=\"nofollow noopener\" target=\"_blank\" data-ylk=\"slk:Eileen Keller;elm:context_link;itc:0;sec:content-canvas\" class=\"link \">Eileen Keller<\/a>, charg\u00e9e de projet et responsable de l\u2019axe \u00ab\u00a0Economie\u00a0\u00bb au Deutsch-Franz\u00f6sisches Institut (DFI).<\/p>\n<p>Barre des trois millions de ch\u00f4meurs franchie<\/p>\n<p class=\"mb-4 text-lg md:leading-8 break-words\">Le nombre de ch\u00f4meurs a pass\u00e9 la barre de trois millions et atteint 6,4\u00a0%, \u00ab\u00a0ce qui repr\u00e9sente le plus haut niveau depuis\u00a02015\u00a0\u00bb, rappelle la chercheuse. \u00ab\u00a0C\u2019est une situation \u00e9prouvante pour l\u2019\u00e9conomie allemande, qui n\u2019a pas connu ces difficult\u00e9s depuis trente ans\u00a0\u00bb, rench\u00e9rit <a href=\"https:\/\/institutdelors.eu\/auteurs\/andreas-eisl\/?at_medium=RSS%20feed&amp;at_campaign=ynews&amp;utm_source=yahoo&amp;utm_medium=rss&amp;utm_campaign=news_feed&amp;utm_content=in_article_link\" rel=\"nofollow noopener\" target=\"_blank\" data-ylk=\"slk:Andreas Eisl;elm:context_link;itc:0;sec:content-canvas\" class=\"link \">Andreas Eisl<\/a>, chercheur senior en politique \u00e9conomique europ\u00e9enne\u00a0\u00e0 l\u2019Institut Jacques Delors.<\/p>\n<p class=\"mb-4 text-lg md:leading-8 break-words\">L\u2019entreprise allemande <a href=\"https:\/\/www.20minutes.fr\/dossier\/lufthansa?at_medium=RSS%20feed&amp;at_campaign=ynews&amp;utm_source=yahoo&amp;utm_medium=rss&amp;utm_campaign=news_feed&amp;utm_content=in_article_link\" rel=\"nofollow noopener\" target=\"_blank\" data-ylk=\"slk:Lufthansa;elm:context_link;itc:0;sec:content-canvas\" class=\"link \">Lufthansa<\/a>, premier groupe a\u00e9rien europ\u00e9en, a annonc\u00e9 lundi supprimer 4.000 postes d\u2019ici\u00a02030, soit pr\u00e8s de 4\u00a0% de ses effectifs globaux, quand l\u2019\u00e9quipementier Bosch va mettre fin \u00e0 13.000 postes, soit un dixi\u00e8me de ses effectifs en Allemagne. D\u00e9but septembre, Ford a fait savoir qu\u2019il allait supprimer jusqu\u2019\u00e0 1.000 postes dans son usine de Cologne, d\u00e9di\u00e9e \u00e0 l\u2019\u00e9lectrique.<\/p>\n<p>Une crise multifactorielle, entre \u00e9nergie ch\u00e8re et concurrences<\/p>\n<p class=\"mb-4 text-lg md:leading-8 break-words\">\u00ab\u00a0Les annonces de suppressions d\u2019emplois se s(&#8230;)<\/p>\n<p class=\"mb-4 text-lg md:leading-8 break-words\"><a href=\"https:\/\/www.20minutes.fr\/monde\/4175844-20250929-economie-pourquoi-allemagne-vit-crise-precedent-pourquoi-va-aller-mieux?at_medium=RSS%20feed&amp;at_campaign=ynews&amp;utm_source=yahoo&amp;utm_medium=rss&amp;utm_campaign=news_feed&amp;utm_content=read_more_link&quot;\" rel=\"nofollow noopener\" target=\"_blank\" data-ylk=\"slk:Lire la suite sur 20minutes;elm:context_link;itc:0;sec:content-canvas\" class=\"link \">Lire la suite sur 20minutes<\/a><\/p>\n<p>\u00c0 lire aussi :<br \/><a href=\"https:\/\/www.20minutes.fr\/economie\/4173450-20250920-appauvrissement-francais-depuis-quarante-ans-rapport-etats-unis-allemagne-tout-fait?at_medium=RSS%20feed&amp;at_campaign=ynews&amp;utm_source=yahoo&amp;utm_medium=rss&amp;utm_campaign=news_feed&amp;utm_content=related_content_link\" rel=\"nofollow noopener\" target=\"_blank\" data-ylk=\"slk:Un appauvrissement des Fran\u00e7ais depuis quarante ans par rapport aux Etats-Unis et \u00e0 l\u2019Allemagne\u00a0? Pas tout \u00e0 fait;elm:context_link;itc:0;sec:content-canvas\" class=\"link \">Un appauvrissement des Fran\u00e7ais depuis quarante ans par rapport aux Etats-Unis et \u00e0 l\u2019Allemagne\u00a0? Pas tout \u00e0 fait<\/a><br \/><a href=\"https:\/\/www.20minutes.fr\/economie\/4145093-20250324-ue-mega-plan-relance-allemand-500-milliards-catastrophe-benediction-economie-francaise?at_medium=RSS%20feed&amp;at_campaign=ynews&amp;utm_source=yahoo&amp;utm_medium=rss&amp;utm_campaign=news_feed&amp;utm_content=related_content_link\" rel=\"nofollow noopener\" target=\"_blank\" data-ylk=\"slk:UE\u00a0: Le m\u00e9ga plan de relance allemand \u00e0 500\u00a0milliards, catastrophe ou b\u00e9n\u00e9diction pour l\u2019\u00e9conomie fran\u00e7aise\u00a0?;elm:context_link;itc:0;sec:content-canvas\" class=\"link \">UE\u00a0: Le m\u00e9ga plan de relance allemand \u00e0 500\u00a0milliards, catastrophe ou b\u00e9n\u00e9diction pour l\u2019\u00e9conomie fran\u00e7aise\u00a0?<\/a><\/p>\n","protected":false},"excerpt":{"rendered":"salut voisin &#8211; Alors que les annonces de licenciements parmi les fleurons allemands se succ\u00e8dent, le pays conna\u00eet&hellip;\n","protected":false},"author":2,"featured_media":426494,"comment_status":"","ping_status":"","sticky":false,"template":"","format":"standard","meta":{"footnotes":""},"categories":[1587],"tags":[11,672,1804,1805,55521,1803,55522,1777,674,1801,3442,12,55520,1802],"class_list":{"0":"post-426493","1":"post","2":"type-post","3":"status-publish","4":"format-standard","5":"has-post-thumbnail","7":"category-allemagne","8":"tag-actualites","9":"tag-allemagne","10":"tag-bundesrepublik-deutschland","11":"tag-de","12":"tag-deutsch-franzosisches-institut","13":"tag-deutschland","14":"tag-eileen-keller","15":"tag-eu","16":"tag-europe","17":"tag-germany","18":"tag-lallemagne","19":"tag-news","20":"tag-politique-economique-europeenne","21":"tag-republique-federale-dallemagne"},"share_on_mastodon":{"url":"https:\/\/pubeurope.com\/@fr\/115288525277136449","error":""},"_links":{"self":[{"href":"https:\/\/www.europesays.com\/fr\/wp-json\/wp\/v2\/posts\/426493","targetHints":{"allow":["GET"]}}],"collection":[{"href":"https:\/\/www.europesays.com\/fr\/wp-json\/wp\/v2\/posts"}],"about":[{"href":"https:\/\/www.europesays.com\/fr\/wp-json\/wp\/v2\/types\/post"}],"author":[{"embeddable":true,"href":"https:\/\/www.europesays.com\/fr\/wp-json\/wp\/v2\/users\/2"}],"replies":[{"embeddable":true,"href":"https:\/\/www.europesays.com\/fr\/wp-json\/wp\/v2\/comments?post=426493"}],"version-history":[{"count":0,"href":"https:\/\/www.europesays.com\/fr\/wp-json\/wp\/v2\/posts\/426493\/revisions"}],"wp:featuredmedia":[{"embeddable":true,"href":"https:\/\/www.europesays.com\/fr\/wp-json\/wp\/v2\/media\/426494"}],"wp:attachment":[{"href":"https:\/\/www.europesays.com\/fr\/wp-json\/wp\/v2\/media?parent=426493"}],"wp:term":[{"taxonomy":"category","embeddable":true,"href":"https:\/\/www.europesays.com\/fr\/wp-json\/wp\/v2\/categories?post=426493"},{"taxonomy":"post_tag","embeddable":true,"href":"https:\/\/www.europesays.com\/fr\/wp-json\/wp\/v2\/tags?post=426493"}],"curies":[{"name":"wp","href":"https:\/\/api.w.org\/{rel}","templated":true}]}}