{"id":426503,"date":"2025-09-29T16:31:12","date_gmt":"2025-09-29T16:31:12","guid":{"rendered":"https:\/\/www.europesays.com\/fr\/426503\/"},"modified":"2025-09-29T16:31:12","modified_gmt":"2025-09-29T16:31:12","slug":"la-methode-pavel-durov-poil-a-gratter-de-la-france-sur-les-reseaux-lexpress","status":"publish","type":"post","link":"https:\/\/www.europesays.com\/fr\/426503\/","title":{"rendered":"La m\u00e9thode Pavel Durov, poil \u00e0 gratter de la France sur les r\u00e9seaux \u2013 L&rsquo;Express"},"content":{"rendered":"<p class=\"paragraph article-body-paragraph article__item   article-body-paragraph--first \">Hier, la Roumanie. Aujourd\u2019hui, la Moldavie. Et demain ? Sous contr\u00f4le judiciaire avec interdiction de quitter la France &#8211; sauf pour se rendre \u00e0 Duba\u00ef o\u00f9 il r\u00e9sidait &#8211; <a href=\"https:\/\/www.lexpress.fr\/societe\/justice\/un-an-apres-son-arrestation-le-patron-de-telegram-pavel-durov-critique-lenquete-francaise-qui-le-DNSI6KHHKRC3BAI7SQ2HTSDCMY\/\" target=\"_self\" rel=\"noopener\" title=\"https:\/\/www.lexpress.fr\/societe\/justice\/un-an-apres-son-arrestation-le-patron-de-telegram-pavel-durov-critique-lenquete-francaise-qui-le-DNSI6KHHKRC3BAI7SQ2HTSDCMY\/\">Pavel Durov<\/a> voyage autrement. Le fondateur de la plateforme Telegram, <a href=\"https:\/\/www.lexpress.fr\/economie\/high-tech\/pourquoi-le-patron-de-telegram-pavel-durov-a-ete-arrete-en-france-5VB5KOLNSZBLBIPRVPIVUBP5QE\/\" target=\"_self\" rel=\"noopener\" title=\"https:\/\/www.lexpress.fr\/economie\/high-tech\/pourquoi-le-patron-de-telegram-pavel-durov-a-ete-arrete-en-france-5VB5KOLNSZBLBIPRVPIVUBP5QE\/\">arr\u00eat\u00e9 \u00e0 l\u2019a\u00e9roport du Bourget<\/a> pr\u00e8s de Paris l\u2019\u00e9t\u00e9 dernier et mis en examen pour 17 infractions parmi lesquelles de l\u2019escroquerie ou du blanchiment, s\u2019int\u00e9resse de pr\u00e8s aux diverses \u00e9lections qui ont lieu sur le continent europ\u00e9en. Avec une id\u00e9e en t\u00eate : y d\u00e9noncer une suppos\u00e9e ing\u00e9rence fran\u00e7aise.<\/p>\n<p class=\"paragraph article-body-paragraph article__item   \">Dimanche, lors du <a href=\"https:\/\/www.lexpress.fr\/monde\/europe\/en-moldavie-lelection-de-tous-les-dangers-le-pays-pourrait-servir-de-base-arriere-a-poutine-OVISPRWKSBENDIZ7HP6JMMCACE\/\" target=\"_self\" rel=\"noopener\" title=\"https:\/\/www.lexpress.fr\/monde\/europe\/en-moldavie-lelection-de-tous-les-dangers-le-pays-pourrait-servir-de-base-arriere-a-poutine-OVISPRWKSBENDIZ7HP6JMMCACE\/\">scrutin l\u00e9gislatif moldave<\/a>, comme il y a quelques mois pour l\u2019\u00e9lection pr\u00e9sidentielle Roumaine, Durov a utilis\u00e9 son arrestation et \u00e9voqu\u00e9 des pressions de la part d\u2019agents du renseignement fran\u00e7ais. Ces derniers lui auraient demand\u00e9 de \u00ab\u00a0censurer\u00a0\u00bb des <a href=\"https:\/\/www.lexpress.fr\/economie\/high-tech\/guerre-en-ukraine-les-nouveaux-visages-de-la-propagande-russe-en-ligne-2DI6WV74UFEVHJKZY4QPZOPZAA\/\" target=\"_self\" rel=\"noopener\" title=\"https:\/\/www.lexpress.fr\/economie\/high-tech\/guerre-en-ukraine-les-nouveaux-visages-de-la-propagande-russe-en-ligne-2DI6WV74UFEVHJKZY4QPZOPZAA\/\">cha\u00eenes et publications Telegram<\/a> qui ne leur plaisent pas. Dans le cas de la Moldavie, d\u2019ailleurs, en \u00e9change de faveurs judiciaires. Quelques lignes sans une once de preuve qui retournent habilement les soup\u00e7ons d\u2019ing\u00e9rences envers la Russie, son pays de naissance. Quand bien m\u00eame ceux-ci sont av\u00e9r\u00e9s. Au Royaume-Uni, la BBC a notamment infiltr\u00e9 un r\u00e9seau de recrutement, destin\u00e9 \u00e0 cr\u00e9er de la d\u00e9sinformation pro-russe sur les r\u00e9seaux sociaux moldaves. Le tout organis\u00e9 depuis\u2026 Telegram.<\/p>\n<p><strong class=\"article-body-link-list__item text-gray-800 article-body-link-list__item--one-item\">LIRE AUSSI : <a class=\"article-body-link-list__item-link\" href=\"https:\/\/www.lexpress.fr\/societe\/telegram-les-dessous-du-revirement-de-pavel-durov-face-a-la-justice-AQ65DXDVFRAULDFHOFGKUH4ULE\/\" target=\"_blank\" rel=\"noopener\">Telegram : les dessous du revirement de Pavel Durov face \u00e0 la justice <\/a><\/strong>\u00ab\u00a0French response\u00a0\u00bb<\/p>\n<p class=\"paragraph article-body-paragraph article__item   \">Pavel Durov cultive une ranc\u0153ur contre la France. Se placer dans la peau d\u2019une victime d\u2019une machination visant \u00e0 l\u2019exploiter, lui et son r\u00e9seau, est en soi une strat\u00e9gie. Celle-ci permet \u00e9galement de faire oublier <a href=\"https:\/\/www.lexpress.fr\/societe\/telegram-les-dessous-du-revirement-de-pavel-durov-face-a-la-justice-AQ65DXDVFRAULDFHOFGKUH4ULE\/\" target=\"_self\" rel=\"noopener\" title=\"https:\/\/www.lexpress.fr\/societe\/telegram-les-dessous-du-revirement-de-pavel-durov-face-a-la-justice-AQ65DXDVFRAULDFHOFGKUH4ULE\/\">sa bonne collaboration<\/a> avec les autorit\u00e9s lors de son arrestation. Non pour satisfaire \u00e0 des demandes politiques, mais plut\u00f4t pour des retraits de contenus li\u00e9s \u00e0 de la p\u00e9docriminalit\u00e9. Des informations qui \u00e9cornent toutefois l\u2019image de Telegram comme plateforme \u00ab\u00a0antisyst\u00e8me\u00a0\u00bb.<\/p>\n<p class=\"paragraph article-body-paragraph article__item    article__text__endpicto\">Mais la nouveaut\u00e9 est l\u2019audience dont Pavel Durov dispose d\u00e9sormais. Une dizaine de millions d\u2019abonn\u00e9s sur son canal Telegram, d\u2019o\u00f9 il pousse ses propres publications en notification mobile. Et plus de 2,5 millions de liseurs sur X, o\u00f9 il re\u00e7oit aujourd\u2019hui le soutien d\u2019un certain Elon Musk, le tenancier des lieux, \u00e9galement <a href=\"https:\/\/www.lexpress.fr\/economie\/high-tech\/elon-musk-se-mele-de-politique-europeenne-mais-un-argument-massue-aurait-pu-len-dissuader-2LNH3LDM3JFULMOCBG6GKR3A5I\/\" target=\"_self\" rel=\"noopener\" title=\"https:\/\/www.lexpress.fr\/economie\/high-tech\/elon-musk-se-mele-de-politique-europeenne-mais-un-argument-massue-aurait-pu-len-dissuader-2LNH3LDM3JFULMOCBG6GKR3A5I\/\">tr\u00e8s int\u00e9ress\u00e9 par la politique europ\u00e9enne<\/a>. Gr\u00e2ce \u00e0 cette alliance de circonstance, la visibilit\u00e9 des messages de Durov explose \u00e0 plusieurs dizaines de millions de vues. La riposte du Quai d&rsquo;Orsay contre la d\u00e9sinformation, en plein renouveau, est totalement sous l\u2019eau. Un compte X tout frais, \u00ab\u00a0<a href=\"https:\/\/x.com\/frenchresponse\" target=\"_self\" rel=\"\" title=\"https:\/\/x.com\/frenchresponse\">French Response<\/a>\u00ab\u00a0, r\u00e9torque officiellement \u00e0 chaque message pour d\u00e9mentir les propos de Durov. Des contre-attaques qui ne re\u00e7oivent que quelques dizaines de milliers de vues pour les plus consult\u00e9es. La d\u00e9finition m\u00eame de l\u2019impuissance.<\/p>\n","protected":false},"excerpt":{"rendered":"Hier, la Roumanie. Aujourd\u2019hui, la Moldavie. Et demain ? Sous contr\u00f4le judiciaire avec interdiction de quitter la France&hellip;\n","protected":false},"author":2,"featured_media":426504,"comment_status":"","ping_status":"","sticky":false,"template":"","format":"standard","meta":{"footnotes":""},"categories":[4],"tags":[11,33,1011,27,12,25,11140],"class_list":{"0":"post-426503","1":"post","2":"type-post","3":"status-publish","4":"format-standard","5":"has-post-thumbnail","7":"category-france","8":"tag-actualites","9":"tag-economie","10":"tag-fr","11":"tag-france","12":"tag-news","13":"tag-republique-francaise","14":"tag-tech-et-transformations"},"share_on_mastodon":{"url":"https:\/\/pubeurope.com\/@fr\/115288544577062131","error":""},"_links":{"self":[{"href":"https:\/\/www.europesays.com\/fr\/wp-json\/wp\/v2\/posts\/426503","targetHints":{"allow":["GET"]}}],"collection":[{"href":"https:\/\/www.europesays.com\/fr\/wp-json\/wp\/v2\/posts"}],"about":[{"href":"https:\/\/www.europesays.com\/fr\/wp-json\/wp\/v2\/types\/post"}],"author":[{"embeddable":true,"href":"https:\/\/www.europesays.com\/fr\/wp-json\/wp\/v2\/users\/2"}],"replies":[{"embeddable":true,"href":"https:\/\/www.europesays.com\/fr\/wp-json\/wp\/v2\/comments?post=426503"}],"version-history":[{"count":0,"href":"https:\/\/www.europesays.com\/fr\/wp-json\/wp\/v2\/posts\/426503\/revisions"}],"wp:featuredmedia":[{"embeddable":true,"href":"https:\/\/www.europesays.com\/fr\/wp-json\/wp\/v2\/media\/426504"}],"wp:attachment":[{"href":"https:\/\/www.europesays.com\/fr\/wp-json\/wp\/v2\/media?parent=426503"}],"wp:term":[{"taxonomy":"category","embeddable":true,"href":"https:\/\/www.europesays.com\/fr\/wp-json\/wp\/v2\/categories?post=426503"},{"taxonomy":"post_tag","embeddable":true,"href":"https:\/\/www.europesays.com\/fr\/wp-json\/wp\/v2\/tags?post=426503"}],"curies":[{"name":"wp","href":"https:\/\/api.w.org\/{rel}","templated":true}]}}