{"id":426507,"date":"2025-09-29T16:35:08","date_gmt":"2025-09-29T16:35:08","guid":{"rendered":"https:\/\/www.europesays.com\/fr\/426507\/"},"modified":"2025-09-29T16:35:08","modified_gmt":"2025-09-29T16:35:08","slug":"atp-pekin-demi-finales-jannik-sinner-alex-de-minaur-10-0-le-tennis-et-lenfer-de-lincompatibilite-eurosport","status":"publish","type":"post","link":"https:\/\/www.europesays.com\/fr\/426507\/","title":{"rendered":"ATP P\u00e9kin &#8211; Demi-finales &#8211; Jannik Sinner &#8211; Alex De Minaur, 10-0 : le tennis et l&#039;enfer de l&#039;incompatibilit\u00e9 &#8211; Eurosport"},"content":{"rendered":"<ol>\n<li><a href=\"https:\/\/news.google.com\/rss\/articles\/CBMi-wFBVV95cUxPN2R4R3JCcnN0NWdKdmJ1VnBwYjJxVm1wS3ZMVXdIYVdJN1VTZFZGX05kTUVXLUlDdzlmdDc4bFlHUTg5QXFKdkJ2TEVuN1E2czdoMUJuZE90VVhTbURua0t3NHFjMkxRNmJHSFdVbTFSM1RkcjhHN2VLLUVGNHRaR180cUY1cmZfRW1BSnpNRVVaSHRRU05JYmRZQkQzS3R5dzJiNXhvMl8xYW5yTkF0UlE5RFh2NEFPVXVFenplUG5MTnMzZE9jcW9mb1BlY0gwUV9LVDQwSDZ1OVZRdjlFRC1zRUxyNC0tcmRHRHVfY1BaTDdla1JzYjFsWQ?oc=5\" target=\"_blank\" rel=\"nofollow noopener\">ATP P\u00e9kin &#8211; Demi-finales &#8211; Jannik Sinner &#8211; Alex De Minaur, 10-0 : le tennis et l&rsquo;enfer de l&rsquo;incompatibilit\u00e9<\/a>&nbsp;&nbsp;Eurosport<\/li>\n<li><a href=\"https:\/\/news.google.com\/rss\/articles\/CBMi-wFBVV95cUxORGQyX0xLLWxwMEkwWkdyekEwc3lsQ3RxTm41Yk13bC1rdWFsVVJTM2RKZ2prSkFiSzBoVGc3MHpPNGxVRlNDejFuODlOc2QxX1NGNlE3VF9Nd0hKNFVNcllOR2RWV0RTVU5sODE5akNpNk5lZGhGb05xNjJRMFdpaEw3cUhmUW9MVXdQNTczZVhJTnBNWF92RTBVbzRWQ1I3YU4zOW1XTFRqaUt6RVBkVEpmOHBsbzhHQW1HVFlyWm1ZSGNRTk82dDdramdkSExUZVlGblAzUm1EQ0FZcXRvMmpkQ05GRHpSWDBzbzFER2sxNm42ZlRvQ3NaQQ?oc=5\" target=\"_blank\" rel=\"nofollow noopener\">Sinner tranquille malgr\u00e9 une petite alerte<\/a>&nbsp;&nbsp;Eurosport<\/li>\n<li><a href=\"https:\/\/news.google.com\/rss\/articles\/CBMi5wFBVV95cUxNNFV1RWxsMmh2cGdPQWVuV1piMDl5VzZDd0NvVFktcmRGbFZzYzlodGlHUEEwVkFkcDhQYnVqY1phSWZoT1FEMVo5c1J3MmdTZlg0VmtieXZLNkUzVHZFOV9UYWhpeFpTYXI0WTRCX1dCUUtiMU41c0tESFoxVVBpZ1FDeW1faEQwbXduMk16bGN4QkxzaXJoRkVKX0lWUUUtRGoydmxUY0ZQazIxZTRjUnloanZwWjVQWGI4SF93dDdlQW9CWEswUXRfVW5weHY2WFAtYWVvTk9CWVVaM3pRNElKNnB6X2s?oc=5\" target=\"_blank\" rel=\"nofollow noopener\">Jannik Sinner domine Fabian Marozsan en quarts de finale \u00e0 P\u00e9kin et affrontera Alex de Minaur en demies<\/a>&nbsp;&nbsp;L&rsquo;\u00c9quipe<\/li>\n<li><a href=\"https:\/\/news.google.com\/rss\/articles\/CBMiugFBVV95cUxQdDZYU3hNVENCOVQ1bVFDNTBwNzdiLWdYS2NZRXU1TkFIVTZDS19rdzZ2UGw5Tm5uS0ZXNG14cTMxcDRCaU9GSnVuLVhGWUo0THNhLWhYSE9ZT3NJdUc0Q3paUDREWXlOMjBYMnFYODJFcEt6cUhsN20tcWJrdmhLS0wxNTJrZjVVZF94YjZIN2NvNXYxU0lNVzBNUDVOYjQ0ZVlWTVMySjdIUlVJem5pRU9pZTh6RG5KWFE?oc=5\" target=\"_blank\" rel=\"nofollow noopener\">Tennis : Jannik Sinner se qualifie sans trembler en demi-finales \u00e0 P\u00e9kin<\/a>&nbsp;&nbsp;Le Figaro<\/li>\n<li><a href=\"https:\/\/news.google.com\/rss\/articles\/CBMisAJBVV95cUxNWnQ4LTl6cnFFcDVJMlgtZDU2Y1pyLS11ZEUtVFgxQzU0YUlRQ2YxemtlS2Jvdm1pLVh6c1BXNmZoY2J0Rm40NVExQ2k1V1FVNXh6cFh1WFhOOE85RThGeVpBTXBjQ2tJRXJXdkcxc29ETUg4Q3pSUTFnM2VSRWprenBOYk5PVUxydGI1V1BnV1U4NmlKakxNSnhhNHVwZkxHRkpjd3V0cWdfNUV6NEVJck1FUWRhTkRKTkZYc0o4bFZ1Yjhpc1JKdktyX09ibWVLOEJqWlUyRm4yTndJSklMOGVHY0pMS2t2azYzdkIyTmY3R2FvOWdiMjZCcTJvb1cyWmlNTlo4UGtucTRmbFZQZDR2ZFRJQnVGQVhjUUdBRVFTTndxU3c2RTlETFlhZDFC?oc=5\" target=\"_blank\" rel=\"nofollow noopener\">ATP &#8211; P\u00e9kin &gt; Sinner, qui a battu 10 fois son prochain adversaire : \u00ab\u00a0C&rsquo;est l&rsquo;un des joueurs les plus rapides que nous ayons, et avec ce court parfois assez lent, \u00e7a va \u00eatre tr\u00e8s difficile\u00a0\u00bb<\/a>&nbsp;&nbsp;We Love Tennis<\/li>\n<\/ol>\n","protected":false},"excerpt":{"rendered":"ATP P\u00e9kin &#8211; Demi-finales &#8211; Jannik Sinner &#8211; Alex De Minaur, 10-0 : le tennis et l&rsquo;enfer de&hellip;\n","protected":false},"author":2,"featured_media":395849,"comment_status":"","ping_status":"","sticky":false,"template":"","format":"standard","meta":{"footnotes":""},"categories":[1415],"tags":[1011,27,60,1467],"class_list":{"0":"post-426507","1":"post","2":"type-post","3":"status-publish","4":"format-standard","5":"has-post-thumbnail","7":"category-tennis","8":"tag-fr","9":"tag-france","10":"tag-sports","11":"tag-tennis"},"share_on_mastodon":{"url":"https:\/\/pubeurope.com\/@fr\/115288560283427700","error":""},"_links":{"self":[{"href":"https:\/\/www.europesays.com\/fr\/wp-json\/wp\/v2\/posts\/426507","targetHints":{"allow":["GET"]}}],"collection":[{"href":"https:\/\/www.europesays.com\/fr\/wp-json\/wp\/v2\/posts"}],"about":[{"href":"https:\/\/www.europesays.com\/fr\/wp-json\/wp\/v2\/types\/post"}],"author":[{"embeddable":true,"href":"https:\/\/www.europesays.com\/fr\/wp-json\/wp\/v2\/users\/2"}],"replies":[{"embeddable":true,"href":"https:\/\/www.europesays.com\/fr\/wp-json\/wp\/v2\/comments?post=426507"}],"version-history":[{"count":0,"href":"https:\/\/www.europesays.com\/fr\/wp-json\/wp\/v2\/posts\/426507\/revisions"}],"wp:featuredmedia":[{"embeddable":true,"href":"https:\/\/www.europesays.com\/fr\/wp-json\/wp\/v2\/media\/395849"}],"wp:attachment":[{"href":"https:\/\/www.europesays.com\/fr\/wp-json\/wp\/v2\/media?parent=426507"}],"wp:term":[{"taxonomy":"category","embeddable":true,"href":"https:\/\/www.europesays.com\/fr\/wp-json\/wp\/v2\/categories?post=426507"},{"taxonomy":"post_tag","embeddable":true,"href":"https:\/\/www.europesays.com\/fr\/wp-json\/wp\/v2\/tags?post=426507"}],"curies":[{"name":"wp","href":"https:\/\/api.w.org\/{rel}","templated":true}]}}