{"id":426508,"date":"2025-09-29T16:37:18","date_gmt":"2025-09-29T16:37:18","guid":{"rendered":"https:\/\/www.europesays.com\/fr\/426508\/"},"modified":"2025-09-29T16:37:18","modified_gmt":"2025-09-29T16:37:18","slug":"dalligna-impressionne-par-marquez-bien-au-dela-de-sa-vitesse","status":"publish","type":"post","link":"https:\/\/www.europesays.com\/fr\/426508\/","title":{"rendered":"Dall&rsquo;Igna impressionn\u00e9 par M\u00e1rquez bien au-del\u00e0 de sa vitesse"},"content":{"rendered":"<p>S&rsquo;il existait le moindre doute autour de la d\u00e9cision de Ducati de recruter <a href=\"https:\/\/fr.motorsport.com\/driver\/marc-marquez\/92646\/\" target=\"_blank\" rel=\"noopener nofollow\">Marc M\u00e1rquez<\/a> plut\u00f4t que <a href=\"https:\/\/fr.motorsport.com\/driver\/jorge-martin\/109391\/\" target=\"_blank\" rel=\"noopener nofollow\">Jorge Mart\u00edn<\/a> pour son \u00e9quipe d&rsquo;usine cette ann\u00e9e, ceux-ci se sont dissip\u00e9s d\u00e8s le Grand Prix d&rsquo;ouverture du championnat, en Tha\u00eflande. Ce jour-l\u00e0, selon les propres mots de son nouveau co\u00e9quipier <a href=\"https:\/\/fr.motorsport.com\/driver\/pecco-bagnaia\/109394\/\" target=\"_blank\" rel=\"noopener nofollow\">Pecco Bagnaia<\/a>, l&rsquo;Espagnol a \u00ab\u00a0jou\u00e9\u00a0\u00bb avec le reste du peloton pour finalement signer le premier des dix doubl\u00e9s sprint-course qu&rsquo;il affiche \u00e0 stade de la saison.<\/p>\n<p>Ce choix de placer le Catalan dans le stand d&rsquo;usine aux c\u00f4t\u00e9s de Bagnaia \u00e9tait le r\u00e9sultat d&rsquo;une conversation entre Claudio Domenicali, PDG de la marque, et Gigi Dall&rsquo;Igna, directeur g\u00e9n\u00e9ral de Ducati Corse, tous deux \u00e0 un niveau presque \u00e9gal de pouvoir dans ce type de d\u00e9cisions. Plusieurs param\u00e8tres ont fait pencher la balance, le plus important d&rsquo;entre eux \u00e9tant bien s\u00fbr la vitesse du pilote. En ce sens, les donn\u00e9es recueillies lors des premi\u00e8res courses de l&rsquo;an dernier, quand M\u00e1rquez courait sur la version 2023 de la Ducati, ont jou\u00e9 en sa faveur.<\/p>\n<p>\u00ab\u00a0Avant toute chose, il y a deux ans, \u00e7a n&rsquo;est pas nous qui avons choisi Marc, c&rsquo;est Gresini Racing. Et je dois dire qu&rsquo;ils ont fait une saison formidable ensemble\u00a0\u00bb, souligne Dall&rsquo;Igna aupr\u00e8s de Sky Sport MotoGP en Italie. \u00ab\u00a0Au cours de cette saison, la d\u00e9cision de le faire venir dans l&rsquo;\u00e9quipe officielle a m\u00fbri et je crois que c&rsquo;\u00e9tait la meilleure possible parce que nous lui avons fourni les outils pour pouvoir s&rsquo;exprimer au mieux.\u00a0\u00bb<\/p>\n<p>Lire aussi :<\/p>\n<p>Maintenant que l&rsquo;Espagnol a remport\u00e9 le d\u00e9fi qu&rsquo;il s&rsquo;\u00e9tait fix\u00e9 et atteint le Graal \u00e0 nouveau apr\u00e8s une longue parenth\u00e8se douloureuse, Gigi Dall&rsquo;Igna d\u00e9voile ce qu&rsquo;il a per\u00e7u d&rsquo;autre chez lui, en dehors de la vitesse dont il fait preuve instinctivement.<\/p>\n<p>\u00ab\u00a0Je n&rsquo;ai pas les mots pour d\u00e9crire Marc. Il a accompli quelque chose d&rsquo;incroyable. La lucidit\u00e9 avec laquelle il a planifi\u00e9 son pari pour redevenir champion du monde est remarquable. Il faut le f\u00e9liciter encore plus pour cela que pour sa vitesse ou sa mani\u00e8re de piloter\u00a0\u00bb, explique notamment le responsable italien \u00e0 <strong>Motorsport.com<\/strong>.\u00a0\u00ab\u00a0Je ne pense pas qu&rsquo;il y ait beaucoup de sportifs dans l&rsquo;histoire qui aient renonc\u00e9 \u00e0 autant de choses que lui pour gagner \u00e0 nouveau.\u00a0\u00bb<\/p>\n<p>Au micro du site officiel du MotoGP, Gigi Dall&rsquo;Igna insiste\u00a0:\u00a0\u00ab\u00a0Il a imagin\u00e9 un parcours fantastique pour se remettre de son probl\u00e8me. Cela n&rsquo;a pas \u00e9t\u00e9 facile. Il a pris des d\u00e9cisions difficiles au cours de ce parcours, mais au final, il est revenu au sommet. C&rsquo;est donc un retour fantastique. Je suis s\u00fbr que tr\u00e8s peu d&rsquo;athl\u00e8tes dans le monde peuvent faire ce que Marc a fait pour se remettre de ses blessures.\u00a0\u00bb<\/p>\n<p>   <img decoding=\"async\" draggable=\"false\" src=\"https:\/\/www.europesays.com\/fr\/wp-content\/uploads\/2025\/09\/1759163838_692_marc-marquez-ducati-team.jpg\" alt=\"Un nouveau champion au panth\u00e9on de Gigi Dall'Igna.\" width=\"1200\" height=\"800\" loading=\"lazy\"\/> <\/p>\n<p class=\"title\">Un nouveau champion au panth\u00e9on de Gigi Dall&rsquo;Igna.<\/p>\n<p class=\"photographer\">Photo de: Gold and Goose Photography \/ LAT Images \/ via Getty Images<\/p>\n<p>\u00ab\u00a0Quand j&rsquo;ai sign\u00e9 avec Marc, j&rsquo;\u00e9tais assez certain que c&rsquo;\u00e9tait la meilleure chose pour Ducati, mais je ne pouvais pas imaginer quelque chose comme \u00e7a. Il a domin\u00e9 la saison et il a fait un travail incroyable\u00a0\u00bb, poursuit Dall&rsquo;Igna.<\/p>\n<p>Et apr\u00e8s avoir eu M\u00e1rquez comme adversaire pendant les ann\u00e9es Dovizioso et maintenant dans son clan, il avoue\u00a0:\u00a0\u00ab\u00a0Apr\u00e8s cette ann\u00e9e, je comprends tr\u00e8s bien pourquoi il nous a fallu autant de temps pour remporter notre premier titre [post-Stoner]\u00a0!\u00a0Parce que Marc est incroyable quand il est en piste sur la moto. C&rsquo;est vraiment difficile de se battre contre lui. Il veut gagner. C&rsquo;est simple, il veut gagner.\u00a0\u00bb<\/p>\n<p>L&rsquo;humilit\u00e9 des plus grands<\/p>\n<p>\u00c0 59 ans, Gigi Dall&rsquo;Igna a d\u00e9j\u00e0 accompagn\u00e9 bien des champions au cours de sa carri\u00e8re. Il a notamment travaill\u00e9 avec <a href=\"https:\/\/fr.motorsport.com\/driver\/jorge-lorenzo\/80193\/\" target=\"_blank\" rel=\"noopener nofollow\">Jorge Lorenzo<\/a>, qu&rsquo;il avait lui-m\u00eame convaincu de rejoindre Ducati apr\u00e8s l&rsquo;avoir connu tr\u00e8s jeune. Aujourd&rsquo;hui, \u00e0 l&rsquo;heure o\u00f9 un nouveau champion rejoint son panth\u00e9on personnel, il souligne l&rsquo;humilit\u00e9 dont fait preuve Marc M\u00e1rquez dans tout ce qu&rsquo;il entreprend.<\/p>\n<p>Il salue surtout sa capacit\u00e9 \u00e0 reconna\u00eetre ses torts apr\u00e8s avoir commis une erreur, bien qu&rsquo;elles aient \u00e9t\u00e9 rares cette saison\u00a0:\u00a0\u00ab\u00a0Pour quelqu&rsquo;un qui a gagn\u00e9 autant et qui a autant de m\u00e9dailles que Marc, il est s\u00fbrement plus facile de reconna\u00eetre ses erreurs que pour quelqu&rsquo;un qui a moins gagn\u00e9 et qui a plus \u00e0 prouver.\u00a0\u00bb<\/p>\n<p>\u00ab\u00a0Honn\u00eatement, c&rsquo;est assez facile de travailler avec lui\u00a0\u00bb, ajoute l&rsquo;ing\u00e9nieur. \u00ab\u00a0Il est tr\u00e8s clair quand il commente les probl\u00e8mes de la moto. Il est \u00e9videmment rapide en piste, ce qui est le plus important. Donc c&rsquo;est facile\u00a0!\u00a0M\u00eame dans les moments difficiles, il reste calme et il essaie de r\u00e9soudre le probl\u00e8me. C&rsquo;est vraiment agr\u00e9able de travailler avec lui.\u00a0\u00bb<\/p>\n<p style=\"text-align: right;\">Avec Matteo Nugnes<\/p>\n<p><img decoding=\"async\" class=\"sizer\" draggable=\"false\" src=\"data:image\/png;base64,iVBORw0KGgoAAAANSUhEUgAAABAAAAAJCAYAAAA7KqwyAAAAGXRFWHRTb2Z0d2FyZQBBZG9iZSBJbWFnZVJlYWR5ccllPAAAABpJREFUeNpi\/P\/\/PwMlgImBQjBqwLAwACDAAOVfAw9\/ZDvcAAAAAElFTkSuQmCC\" alt=\"\" loading=\"lazy\"\/><\/p>\n<p class=\"title\">VID\u00c9O &#8211; R\u00c9SUM\u00c9 : Les meilleurs moments du GP du Japon<\/p>\n","protected":false},"excerpt":{"rendered":"S&rsquo;il existait le moindre doute autour de la d\u00e9cision de Ducati de recruter Marc M\u00e1rquez plut\u00f4t que Jorge&hellip;\n","protected":false},"author":2,"featured_media":426509,"comment_status":"","ping_status":"","sticky":false,"template":"","format":"standard","meta":{"footnotes":""},"categories":[1413],"tags":[55523,4950,1011,27,5038,1457,1456,1458,60],"class_list":{"0":"post-426508","1":"post","2":"type-post","3":"status-publish","4":"format-standard","5":"has-post-thumbnail","7":"category-moto","8":"tag-dalligna-impressionnu00e9-par-mu00e1rquez-bien-au-delu00e0-de-sa-vitesse","9":"tag-ducati-team","10":"tag-fr","11":"tag-france","12":"tag-marc-mu00e1rquez","13":"tag-moto","14":"tag-motocycle","15":"tag-motogp","16":"tag-sports"},"share_on_mastodon":{"url":"https:\/\/pubeurope.com\/@fr\/115288568884742512","error":""},"_links":{"self":[{"href":"https:\/\/www.europesays.com\/fr\/wp-json\/wp\/v2\/posts\/426508","targetHints":{"allow":["GET"]}}],"collection":[{"href":"https:\/\/www.europesays.com\/fr\/wp-json\/wp\/v2\/posts"}],"about":[{"href":"https:\/\/www.europesays.com\/fr\/wp-json\/wp\/v2\/types\/post"}],"author":[{"embeddable":true,"href":"https:\/\/www.europesays.com\/fr\/wp-json\/wp\/v2\/users\/2"}],"replies":[{"embeddable":true,"href":"https:\/\/www.europesays.com\/fr\/wp-json\/wp\/v2\/comments?post=426508"}],"version-history":[{"count":0,"href":"https:\/\/www.europesays.com\/fr\/wp-json\/wp\/v2\/posts\/426508\/revisions"}],"wp:featuredmedia":[{"embeddable":true,"href":"https:\/\/www.europesays.com\/fr\/wp-json\/wp\/v2\/media\/426509"}],"wp:attachment":[{"href":"https:\/\/www.europesays.com\/fr\/wp-json\/wp\/v2\/media?parent=426508"}],"wp:term":[{"taxonomy":"category","embeddable":true,"href":"https:\/\/www.europesays.com\/fr\/wp-json\/wp\/v2\/categories?post=426508"},{"taxonomy":"post_tag","embeddable":true,"href":"https:\/\/www.europesays.com\/fr\/wp-json\/wp\/v2\/tags?post=426508"}],"curies":[{"name":"wp","href":"https:\/\/api.w.org\/{rel}","templated":true}]}}