{"id":426516,"date":"2025-09-29T16:41:12","date_gmt":"2025-09-29T16:41:12","guid":{"rendered":"https:\/\/www.europesays.com\/fr\/426516\/"},"modified":"2025-09-29T16:41:12","modified_gmt":"2025-09-29T16:41:12","slug":"les-revelations-de-marc-roche-le-specialiste-de-la-royaute","status":"publish","type":"post","link":"https:\/\/www.europesays.com\/fr\/426516\/","title":{"rendered":"les r\u00e9v\u00e9lations de Marc Roche, le sp\u00e9cialiste de la royaut\u00e9"},"content":{"rendered":"<p>                                    <img decoding=\"async\" src=\"https:\/\/www.europesays.com\/fr\/wp-content\/uploads\/2025\/09\/ec1f6697b9ef06e6a91458d8a62d4cd93010b72155ac0f64058ebb1da4495b01.jpg\" alt=\"La complicit\u00e9 de Kate Middleton et du roi Charles III\" class=\"a11y-hidden\" fetchpriority=\"high\"\/><\/p>\n<p>Dans son livre, Ma vie chez les Windsor, Marc Roche fait quelques confidences sur la relation entre le roi et son fils a\u00een\u00e9, soulignant les tensions \u00e0 l\u2019\u0153uvre.<\/p>\n<p class=\"fig-paragraph\">Le roi Charles III serait-il en froid avec ses deux fils\u00a0? C\u2019est ce que laisse entendre Marc Roche dans son dernier livre, Ma vie chez les Windsor\u00a0: les derniers secrets de Buckingham (\u00c9d. Albin Michel).\u00a0<a href=\"http:\/\/madame.lefigaro.fr\/celebrites\/actu-people\/selon-l-ex-majordome-de-charles-iii-aucun-retour-en-arriere-n-est-possible-dans-les-relations-du-prince-harry-avec-les-windsor-20250910\" data-fig-type=\"Article\" data-gtm-custom-categorie=\"navigation\" data-gtm-custom-action=\"crossclick\" data-gtm-custom-label=\"Contextuel\" data-gtm-event=\"customEventSPE\" data-fig-domain=\"MADAME\" rel=\"nofollow noopener\" target=\"_blank\">Les tensions entre le souverain et le prince Harry<\/a>\u00a0sont d\u00e9j\u00e0 bien connues et font r\u00e9guli\u00e8rement les choux gras des m\u00e9dias. Mais en coulisses, lorsque les cam\u00e9ras sont \u00e9teintes, l\u2019\u00e9poux de la reine Camilla et son fils a\u00een\u00e9 se livreraient \u00e9galement \u00e0 une petite guerre d\u2019ego. \u00abCharles vit tr\u00e8s mal les tentatives de William de se forger son propre r\u00f4le profitant du fait qu\u2019il ne peut plus rien dire en tant que souverain pour s\u2019\u00e9tendre sur certains de ses sujets pr\u00e9f\u00e9r\u00e9s, \u00e0 savoir l\u2019\u00e9cologie, la lutte contre le racisme, l\u2019aide aux d\u00e9munis&#8230;\u00bb, nous confiait\u00a0<a href=\"http:\/\/madame.lefigaro.fr\/celebrites\/actu-people\/marc-roche-kate-et-william-sont-un-couple-fusionnel-le-prince-demande-20-fois-par-jour-ou-est-ma-femme-20250925\" data-fig-type=\"Article\" data-gtm-custom-categorie=\"navigation\" data-gtm-custom-action=\"crossclick\" data-gtm-custom-label=\"Contextuel\" data-gtm-event=\"customEventSPE\" data-fig-domain=\"MADAME\" rel=\"nofollow noopener\" target=\"_blank\">Marc Roche lors d\u2019un entretien r\u00e9alis\u00e9 pour la sortie de son livre<\/a>. En effet, selon les r\u00e8gles de la monarchie, le roi ou la reine d\u2019Angleterre se doit de rester neutre et de taire toute opinion politique ou au sujet d\u2019un fait de soci\u00e9t\u00e9. Contrairement \u00e0 l\u2019h\u00e9ritier qui peut parfois y aller de son avis sur certains sujets. Le roi Charles III serait donc agac\u00e9 par le comportement du prince de Galles.<\/p>\n<p class=\"fig-body-link&#10;    \">\n            \u00c0 lire aussi<br \/>\n        <a class=\"fig-body-link__link\" href=\"http:\/\/madame.lefigaro.fr\/celebrites\/actu-people\/cameras-de-surveillance-et-clotures-massives-ce-dispositif-de-securite-installe-autour-de-la-nouvelle-maison-de-kate-middleton-et-du-prince-william-20250929\" data-fig-type=\"Article\" data-gtm-custom-categorie=\"navigation\" data-gtm-custom-action=\"crossclick\" data-gtm-custom-label=\"Contextuel\" data-gtm-event=\"customEventSPE\" data-fig-domain=\"MADAME\" rel=\"nofollow noopener\" target=\"_blank\">Cam\u00e9ras de surveillance et cl\u00f4tures massives\u00a0: ce dispositif de s\u00e9curit\u00e9 install\u00e9 autour de la nouvelle maison de Kate Middleton et du prince William<\/a>\n<\/p>\n<p>Tel p\u00e8re, tel fils<\/p>\n<p class=\"fig-paragraph\">Si Charles III ressent une certaine jalousie vis-\u00e0-vis de son fils a\u00een\u00e9, Marc Roche rappelle que le souverain a lui aussi pu avoir ce genre de comportement lorsqu\u2019il \u00e9tait encore h\u00e9ritier au tr\u00f4ne britannique. \u00abIl a sans doute oubli\u00e9 que lui avait fait la m\u00eame chose sous Elizabeth II, et que, de tout temps, les relations entre souverain et h\u00e9ritier au tr\u00f4ne ont toujours \u00e9t\u00e9 impossibles\u00bb, ajoute l\u2019ancien membre du \u00ab<a href=\"http:\/\/madame.lefigaro.fr\/celebrites\/actu-people\/qu-est-ce-que-le-royal-rota-ce-club-tres-ferme-de-journalistes-autorise-a-suivre-la-famille-royale-20241113\" data-fig-type=\"Article\" data-gtm-custom-categorie=\"navigation\" data-gtm-custom-action=\"crossclick\" data-gtm-custom-label=\"Contextuel\" data-gtm-event=\"customEventSPE\" data-fig-domain=\"MADAME\" rel=\"nofollow noopener\" target=\"_blank\">Royal Rota\u00bb<\/a>\u00a0et correspondant pour Le Monde \u00e0 l\u2019\u00e9poque. \u00abAinsi Charles et William ne s\u2019entendent pas tr\u00e8s bien, ils se d\u00e9testent \u00e0 la limite\u00bb, analyse-t-il.<\/p>\n<p>                                    <a class=\"fig-a11y-skip a11y-hidden\" href=\"#fig-a11y-skip-main-inarticle\"><br \/>\n        Passer la publicit\u00e9<br \/>\n    <\/a><\/p>\n<p class=\"fig-paragraph\">Selon lui, le souverain se servirait donc de sa complicit\u00e9 avec Kate Middleton, n\u00e9e notamment avec leur exp\u00e9rience du cancer, pour cr\u00e9er \u00abun contre-pouvoir face \u00e0 William\u00bb. Il ajoute que Charles III percevrait le prince William comme \u00abun Brutus, sorte de r\u00e9gent profitant un peu de la maladie du souverain\u00bb. \u00abTu quoque\u00bb Williamus\u00a0?<\/p>\n","protected":false},"excerpt":{"rendered":"Dans son livre, Ma vie chez les Windsor, Marc Roche fait quelques confidences sur la relation entre le&hellip;\n","protected":false},"author":2,"featured_media":426517,"comment_status":"","ping_status":"","sticky":false,"template":"","format":"standard","meta":{"footnotes":""},"categories":[1359],"tags":[970,58,59,1011,27,973,3936,971],"class_list":{"0":"post-426516","1":"post","2":"type-post","3":"status-publish","4":"format-standard","5":"has-post-thumbnail","7":"category-people","8":"tag-aristo-co","9":"tag-divertissement","10":"tag-entertainment","11":"tag-fr","12":"tag-france","13":"tag-people","14":"tag-prince-william","15":"tag-royaute"},"share_on_mastodon":{"url":"https:\/\/pubeurope.com\/@fr\/115288584392304576","error":""},"_links":{"self":[{"href":"https:\/\/www.europesays.com\/fr\/wp-json\/wp\/v2\/posts\/426516","targetHints":{"allow":["GET"]}}],"collection":[{"href":"https:\/\/www.europesays.com\/fr\/wp-json\/wp\/v2\/posts"}],"about":[{"href":"https:\/\/www.europesays.com\/fr\/wp-json\/wp\/v2\/types\/post"}],"author":[{"embeddable":true,"href":"https:\/\/www.europesays.com\/fr\/wp-json\/wp\/v2\/users\/2"}],"replies":[{"embeddable":true,"href":"https:\/\/www.europesays.com\/fr\/wp-json\/wp\/v2\/comments?post=426516"}],"version-history":[{"count":0,"href":"https:\/\/www.europesays.com\/fr\/wp-json\/wp\/v2\/posts\/426516\/revisions"}],"wp:featuredmedia":[{"embeddable":true,"href":"https:\/\/www.europesays.com\/fr\/wp-json\/wp\/v2\/media\/426517"}],"wp:attachment":[{"href":"https:\/\/www.europesays.com\/fr\/wp-json\/wp\/v2\/media?parent=426516"}],"wp:term":[{"taxonomy":"category","embeddable":true,"href":"https:\/\/www.europesays.com\/fr\/wp-json\/wp\/v2\/categories?post=426516"},{"taxonomy":"post_tag","embeddable":true,"href":"https:\/\/www.europesays.com\/fr\/wp-json\/wp\/v2\/tags?post=426516"}],"curies":[{"name":"wp","href":"https:\/\/api.w.org\/{rel}","templated":true}]}}