{"id":426520,"date":"2025-09-29T16:43:11","date_gmt":"2025-09-29T16:43:11","guid":{"rendered":"https:\/\/www.europesays.com\/fr\/426520\/"},"modified":"2025-09-29T16:43:11","modified_gmt":"2025-09-29T16:43:11","slug":"editions-marie-romaine-un-dernier-livre-avant-la-fin","status":"publish","type":"post","link":"https:\/\/www.europesays.com\/fr\/426520\/","title":{"rendered":"\u00c9ditions Marie Romaine : un dernier livre avant la fin ?"},"content":{"rendered":"<p>Cr\u00e9\u00e9es \u00e0 l\u2019automne 2023, les \u00e9ditions Marie Romaine se pr\u00e9parent \u00e0 cesser toutes leurs activit\u00e9s. \u00ab\u00a0Je suis s\u00fbrement oblig\u00e9e de fermer, \u00e0 moins qu\u2019un repreneur ne se manifeste maintenant\u00a0\u00bb, explique la\u00a0fondatrice <strong>Marie-Romaine Pani\u00e9<\/strong>. \u00c2g\u00e9e de 75 ans, cette ancienne avocate p\u00e9naliste, puis propri\u00e9taire de cabaret, publie un dernier livre avant de devoir mettre la clef\u00a0sous la porte.<\/p>\n<p>Un regard sur le proc\u00e8s Mazan<\/p>\n<p>Tir\u00e9 \u00e0 600 exemplaires, L\u2019audience est suspendue, de la journaliste judiciaire <strong>Clara Seren-Rosso<\/strong>, sera\u00a0ainsi publi\u00e9 le 15\u00a0octobre. L&rsquo;autrice, envoy\u00e9e sur place par l&rsquo;\u00e9ditrice, y retrace\u00a0le proc\u00e8s des viols de Mazan. \u00ab\u00a0Un regard personnel, tr\u00e8s fin, sensible, et subtil de la journaliste qui a v\u00e9cu le proc\u00e8s et ses coulisses\u00a0\u00bb, d\u00e9crit l\u2019\u00e9ditrice. La pr\u00e9face est sign\u00e9e par le neuropsychiatre\u00a0<strong>Boris Cyrulnik<\/strong>.<\/p>\n<p>\u00ab\u00a0J\u2019ai tr\u00e8s bien r\u00e9ussi\u00a0avec des ventes s\u2019\u00e9levant \u00e0 500-600 exemplaires pour certains livres, mais ce n\u2019est pas suffisant pour \u00eatre \u00e0 l\u2019\u00e9quilibre\u00a0\u00bb, observe l&rsquo;\u00e9ditrice dont l&rsquo;\u00e9quipe se constituait de cinq \u00e0 six personnes, uniquement en free-lance.\u00a0En deux ans, la maison a construit un catalogue vari\u00e9 de 22 titres r\u00e9partis\u00a0dans quatre\u00a0collections\u00a0: litt\u00e9rature, polars, essais, et spiritualit\u00e9. Le site internet sera provisoirement conserv\u00e9 pour les libraires.<\/p>\n<p>L\u2019\u00e9ditrice organise une soir\u00e9e de lancement et d\u2019au revoir dans son appartement parisien, ouvert\u00a0aux libraires et aux journalistes. \u00ab\u00a0Plus on sera de fous et mieux ce sera\u00a0!\u00a0\u00bb, conclut-elle.<\/p>\n","protected":false},"excerpt":{"rendered":"Cr\u00e9\u00e9es \u00e0 l\u2019automne 2023, les \u00e9ditions Marie Romaine se pr\u00e9parent \u00e0 cesser toutes leurs activit\u00e9s. \u00ab\u00a0Je suis s\u00fbrement&hellip;\n","protected":false},"author":2,"featured_media":426521,"comment_status":"","ping_status":"","sticky":false,"template":"","format":"standard","meta":{"footnotes":""},"categories":[1357],"tags":[1379,58,59,1011,27,1380],"class_list":{"0":"post-426520","1":"post","2":"type-post","3":"status-publish","4":"format-standard","5":"has-post-thumbnail","7":"category-livres","8":"tag-books","9":"tag-divertissement","10":"tag-entertainment","11":"tag-fr","12":"tag-france","13":"tag-livres"},"share_on_mastodon":{"url":"https:\/\/pubeurope.com\/@fr\/115288591905382511","error":""},"_links":{"self":[{"href":"https:\/\/www.europesays.com\/fr\/wp-json\/wp\/v2\/posts\/426520","targetHints":{"allow":["GET"]}}],"collection":[{"href":"https:\/\/www.europesays.com\/fr\/wp-json\/wp\/v2\/posts"}],"about":[{"href":"https:\/\/www.europesays.com\/fr\/wp-json\/wp\/v2\/types\/post"}],"author":[{"embeddable":true,"href":"https:\/\/www.europesays.com\/fr\/wp-json\/wp\/v2\/users\/2"}],"replies":[{"embeddable":true,"href":"https:\/\/www.europesays.com\/fr\/wp-json\/wp\/v2\/comments?post=426520"}],"version-history":[{"count":0,"href":"https:\/\/www.europesays.com\/fr\/wp-json\/wp\/v2\/posts\/426520\/revisions"}],"wp:featuredmedia":[{"embeddable":true,"href":"https:\/\/www.europesays.com\/fr\/wp-json\/wp\/v2\/media\/426521"}],"wp:attachment":[{"href":"https:\/\/www.europesays.com\/fr\/wp-json\/wp\/v2\/media?parent=426520"}],"wp:term":[{"taxonomy":"category","embeddable":true,"href":"https:\/\/www.europesays.com\/fr\/wp-json\/wp\/v2\/categories?post=426520"},{"taxonomy":"post_tag","embeddable":true,"href":"https:\/\/www.europesays.com\/fr\/wp-json\/wp\/v2\/tags?post=426520"}],"curies":[{"name":"wp","href":"https:\/\/api.w.org\/{rel}","templated":true}]}}