{"id":426526,"date":"2025-09-29T16:46:11","date_gmt":"2025-09-29T16:46:11","guid":{"rendered":"https:\/\/www.europesays.com\/fr\/426526\/"},"modified":"2025-09-29T16:46:11","modified_gmt":"2025-09-29T16:46:11","slug":"james-cameron-promet-monts-et-merveilles-dans-une-nouvelle-bande-annonce-davatar","status":"publish","type":"post","link":"https:\/\/www.europesays.com\/fr\/426526\/","title":{"rendered":"James Cameron promet monts et merveilles dans une nouvelle bande-annonce d\u2019Avatar"},"content":{"rendered":"<p>Le troisi\u00e8me \u00e9pisode de la saga, qui s\u2019attache \u00e0 une nouvelle tribu pas tr\u00e8s accueillante, est d\u00e9j\u00e0 annonc\u00e9 comme plus long encore que le pr\u00e9c\u00e9dent qui durait d\u00e9j\u00e0 3\u00a0h 12.<\/p>\n<p class=\"fig-paragraph\">Trois ans qu\u2019on n\u2019avait plus de nouvelles des Na\u2019vi et de leur combat contre des exploitants miniers avides des ressources de leur plan\u00e8te. L\u2019attente touche \u00e0 sa fin. Le r\u00e9alisateur et sc\u00e9nariste canadien James Cameron vient de d\u00e9voiler une nouvelle bande-annonce d\u2019<a href=\"http:\/\/www.lefigaro.fr\/cinema\/avatar-3-un-premier-apercu-du-village-des-cendres-devoile-20250212\" data-fig-type=\"Article\" data-gtm-custom-categorie=\"navigation\" data-gtm-custom-action=\"crossclick\" data-gtm-custom-label=\"Contextuel\" data-gtm-event=\"customEventSPE\" data-fig-domain=\"LEFIGARO\" target=\"_blank\" rel=\"noopener\">Avatar &#8211; de feu et de cendres<\/a> . De quoi enflammer les esprits de ceux qui piaffent d\u2019impatience. Que vont devenir ces extraterrestres, tr\u00e8s inspir\u00e9s des Indiens d\u2019Am\u00e9rique, qui, comme eux, sont confront\u00e9s \u00e0 la colonisation par des Terriens\u00a0? R\u00e9ponse avec le troisi\u00e8me \u00e9pisode de la saga &#8211;\u00a0et pas le dernier\u00a0&#8211; le 17 d\u00e9cembre.<\/p>\n<p>Un film tr\u00e8s attendu<\/p>\n<p class=\"fig-paragraph\">La nouvelle superproduction, qui fait une large part aux images de synth\u00e8se, se pr\u00e9sente comme une suite directe des deux premiers volets. Avatar, sorti en 2009, avait rapport\u00e9 pr\u00e8s de 2,9 milliards de dollars au box-office mondial, r\u00e9\u00e9ditions comprises, ce qui avait fait de lui le film le plus rentable de l\u2019histoire du cin\u00e9ma. La suite,\u00a0<a href=\"http:\/\/www.lefigaro.fr\/cinema\/le-triomphe-d-avatar-plus-gros-succes-de-2022-pourrait-voguer-au-cinema-jusqu-en-2023-20221230\" data-fig-type=\"Article\" data-gtm-custom-categorie=\"navigation\" data-gtm-custom-action=\"crossclick\" data-gtm-custom-label=\"Contextuel\" data-gtm-event=\"customEventSPE\" data-fig-domain=\"LEFIGARO\" target=\"_blank\" rel=\"noopener\">La Voie de l\u2019eau<\/a>, sortie 13 ans apr\u00e8s le premier opus, a, elle, g\u00e9n\u00e9r\u00e9 2,32 milliards de dollars de recettes, malgr\u00e9 des critiques plus mitig\u00e9es. Si les spectateurs ont eu le plaisir de retrouver la qualit\u00e9 des images, de m\u00eame standing que celles du premier \u00e9pisode, le sc\u00e9nario a montr\u00e9 de nombreuses faiblesses, entre redites et intrigues anecdotiques, d\u00e9mesur\u00e9ment \u00e9tendues sur les 3\u00a0h\u00a012 que dure le film. Tourn\u00e9 au m\u00eame moment que le second film et b\u00e9n\u00e9ficiant d\u2019un budget de 250 millions de dollars, De Feu et de Cendres a \u00e9t\u00e9 annonc\u00e9 comme encore plus\u00a0<a href=\"http:\/\/www.lefigaro.fr\/cinema\/deborde-par-ses-idees-geniales-james-cameron-annonce-qu-avatar-3-sera-le-plus-long-de-la-saga-20250310\" data-fig-type=\"Article\" data-gtm-custom-categorie=\"navigation\" data-gtm-custom-action=\"crossclick\" data-gtm-custom-label=\"Contextuel\" data-gtm-event=\"customEventSPE\" data-fig-domain=\"LEFIGARO\" target=\"_blank\" rel=\"noopener\">long<\/a>. Faut-il s\u2019en inqui\u00e9ter\u00a0?<\/p>\n<p>                                    <a class=\"fig-a11y-skip a11y-hidden\" href=\"#fig-a11y-skip-main-inarticle\"><br \/>\n        Passer la publicit\u00e9<br \/>\n    <\/a><\/p>\n<p>Une nouvelle tribu<\/p>\n<p class=\"fig-paragraph\">Dans Avatar\u00a0: De feu et de cendres, Jake et Neytiri font face au deuil apr\u00e8s la mort de leur fils Neteyam. Ils rencontrent une nouvelle tribu Na\u2019vi, le clan Mangkwan, aussi appel\u00e9 Peuple des Cendres, dirig\u00e9 par la chef Varang, incarn\u00e9e par Oona Chaplin, la petite-fille de Charlie Chaplin. Mais ce peuple ne se montre pas tr\u00e8s accueillant&#8230;<\/p>\n<p class=\"fig-paragraph\">En attendant de d\u00e9couvrir ce nouvel \u00e9pisode, 20th Century Studios a d\u00e9voil\u00e9 l\u2019affiche de sa grande sortie de fin d\u2019ann\u00e9e. Elle met en avant les principaux personnages de l\u2019univers de James Cameron\u00a0: Jake Sully, Neytiri, leurs enfants, le colonel Miles Quaritch, Spider et la chef du nouveau clan, Varang.<\/p>\n<p class=\"fig-paragraph\">Une grande partie du casting des deux premiers Avatar revient pour le troisi\u00e8me \u00e9pisode. Sam Worthington retrouvera le costume de Jake Sully et Zoe Salda\u00f1a incarnera de nouveau la vaillante Neytiri. Les quatri\u00e8me et cinqui\u00e8me parties de la saga sont pr\u00e9vues en 2029 et en 2031.<\/p>\n","protected":false},"excerpt":{"rendered":"Le troisi\u00e8me \u00e9pisode de la saga, qui s\u2019attache \u00e0 une nouvelle tribu pas tr\u00e8s accueillante, est d\u00e9j\u00e0 annonc\u00e9&hellip;\n","protected":false},"author":2,"featured_media":426527,"comment_status":"","ping_status":"","sticky":false,"template":"","format":"standard","meta":{"footnotes":""},"categories":[1354],"tags":[13618,1409,58,59,1346,1011,27,28114,1360],"class_list":{"0":"post-426526","1":"post","2":"type-post","3":"status-publish","4":"format-standard","5":"has-post-thumbnail","7":"category-films","8":"tag-avatar","9":"tag-bande-annonce","10":"tag-divertissement","11":"tag-entertainment","12":"tag-films","13":"tag-fr","14":"tag-france","15":"tag-james-cameron","16":"tag-movies"},"share_on_mastodon":{"url":"https:\/\/pubeurope.com\/@fr\/115288603762734500","error":""},"_links":{"self":[{"href":"https:\/\/www.europesays.com\/fr\/wp-json\/wp\/v2\/posts\/426526","targetHints":{"allow":["GET"]}}],"collection":[{"href":"https:\/\/www.europesays.com\/fr\/wp-json\/wp\/v2\/posts"}],"about":[{"href":"https:\/\/www.europesays.com\/fr\/wp-json\/wp\/v2\/types\/post"}],"author":[{"embeddable":true,"href":"https:\/\/www.europesays.com\/fr\/wp-json\/wp\/v2\/users\/2"}],"replies":[{"embeddable":true,"href":"https:\/\/www.europesays.com\/fr\/wp-json\/wp\/v2\/comments?post=426526"}],"version-history":[{"count":0,"href":"https:\/\/www.europesays.com\/fr\/wp-json\/wp\/v2\/posts\/426526\/revisions"}],"wp:featuredmedia":[{"embeddable":true,"href":"https:\/\/www.europesays.com\/fr\/wp-json\/wp\/v2\/media\/426527"}],"wp:attachment":[{"href":"https:\/\/www.europesays.com\/fr\/wp-json\/wp\/v2\/media?parent=426526"}],"wp:term":[{"taxonomy":"category","embeddable":true,"href":"https:\/\/www.europesays.com\/fr\/wp-json\/wp\/v2\/categories?post=426526"},{"taxonomy":"post_tag","embeddable":true,"href":"https:\/\/www.europesays.com\/fr\/wp-json\/wp\/v2\/tags?post=426526"}],"curies":[{"name":"wp","href":"https:\/\/api.w.org\/{rel}","templated":true}]}}