{"id":426558,"date":"2025-09-29T17:02:10","date_gmt":"2025-09-29T17:02:10","guid":{"rendered":"https:\/\/www.europesays.com\/fr\/426558\/"},"modified":"2025-09-29T17:02:10","modified_gmt":"2025-09-29T17:02:10","slug":"deux-epiceries-et-un-bar-a-chicha-sanctionnes-dont-une-fermeture-exemplaire","status":"publish","type":"post","link":"https:\/\/www.europesays.com\/fr\/426558\/","title":{"rendered":"deux \u00e9piceries et un bar \u00e0 chicha sanctionn\u00e9s, dont une fermeture exemplaire"},"content":{"rendered":"<p>            Par<br \/>\n        <strong><br \/>\n            <a href=\"https:\/\/actu.fr\/auteur\/metropoop\" title=\"Consulter tous les articles de R\u00e9daction M\u00e9tropolitain\" rel=\"nofollow noopener\" target=\"_blank\">R\u00e9daction M\u00e9tropolitain<\/a><br \/>\n        <\/strong><\/p>\n<p>        Publi\u00e9 le<\/p>\n<p>            29 sept. 2025 \u00e0 18h46        <\/p>\n<p>Dans les rues de <strong>Montpellier,<\/strong> trois commerces sont sanctionn\u00e9s. Ce lundi 29 septembre 2025, le <strong>pr\u00e9fet de l\u2019H\u00e9rault<\/strong> Fran\u00e7ois-Xavier Lauch annonce la fermeture administrative d\u2019un <strong>bar \u00e0 chicha<\/strong> et de deux <strong>\u00e9piceries<\/strong> pour non-respect des r\u00e8gles en vigueur. Les mesures varient de trois semaines \u00e0 trois mois.<\/p>\n<p>    <a href=\"https:\/\/www.google.com\/maps\/d\/u\/0\/embed?mid=18zimwbMv4-7SEWyoh9lBRmPmBLNKWFM&amp;ehbc=2E312F\" title=\"Ouvrie le lien\" rel=\"nofollow noopener\" target=\"_blank\">Cliquez ici pour visualiser le contenu<\/a><\/p>\n<p class=\" wall-content\">Le bar \u00e0 chicha<strong> \u00ab\u00a0Le Sublime\u00a0\u00bb<\/strong>, install\u00e9 avenue du Pont Juv\u00e9nal, devra garder rideau baiss\u00e9 durant 45 jours. L\u2019\u00e9tablissement est sanctionn\u00e9 depuis le 27 septembre. Les contr\u00f4les ont r\u00e9v\u00e9l\u00e9 la pr\u00e9sence de clients qui fumaient en dehors de l\u2019espace r\u00e9serv\u00e9. La pr\u00e9fecture parle d\u2019une \u00ab\u00a0atteinte \u00e0 la sant\u00e9 publique.\u00a0\u00bb<\/p>\n<p>Une \u00e9picerie sanctionn\u00e9e pour alcool en libre acc\u00e8s<\/p>\n<p class=\" wall-content\">L\u2019\u00e9picerie <strong>\u00ab\u00a0WM shop\u00a0\u00bb<\/strong>, situ\u00e9e rue Henri Ren\u00e9, a \u00e9cop\u00e9 d\u2019une fermeture de 21 jours. La mesure a pris effet le 27 septembre. Le motif retenu est la pr\u00e9sence de boissons alcoolis\u00e9es visibles en libre acc\u00e8s apr\u00e8s 22h. Or, un arr\u00eat\u00e9 municipal interdit cette pratique.<\/p>\n<p class=\" wall-content\">Le cas le plus s\u00e9v\u00e8re concerne l\u2019\u00e9picerie<strong> \u00ab\u00a07\/7\u00a0\u00bb<\/strong>, avenue de Toulouse.\u00a0 Sa fermeture est effective pour une dur\u00e9e de trois mois depuis le 26 septembre. La pr\u00e9fecture reproche \u00e0 l\u2019enseigne d\u2019avoir install\u00e9 un syst\u00e8me de vid\u00e9oprotection sans autorisation officielle.<\/p>\n<p class=\" wall-content\">Personnalisez votre actualit\u00e9 en ajoutant vos villes et m\u00e9dias en favori avec <a href=\"https:\/\/moncompte.actu.fr\" title=\"D\u00e9couvez Mon Actu\" rel=\"nofollow noopener\" data-trk=\"{&quot;cta&quot;:{&quot;action&quot;:&quot;https:\\\/\\\/moncompte.actu.fr&quot;,&quot;category&quot;:&quot;mon compte&quot;,&quot;from&quot;:&quot;article footer&quot;,&quot;name&quot;:&quot;Mon actu&quot;,&quot;type&quot;:&quot;cta&quot;}}\" target=\"_blank\">Mon Actu<\/a>.<\/p>\n","protected":false},"excerpt":{"rendered":"Par R\u00e9daction M\u00e9tropolitain Publi\u00e9 le 29 sept. 2025 \u00e0 18h46 Dans les rues de Montpellier, trois commerces sont&hellip;\n","protected":false},"author":2,"featured_media":426559,"comment_status":"","ping_status":"","sticky":false,"template":"","format":"standard","meta":{"footnotes":""},"categories":[9599],"tags":[1111,11,5702,1777,674,118,1011,27,2208,12,2680,25,6582,10819],"class_list":{"0":"post-426558","1":"post","2":"type-post","3":"status-publish","4":"format-standard","5":"has-post-thumbnail","7":"category-montpellier","8":"tag-actu","9":"tag-actualites","10":"tag-alcool","11":"tag-eu","12":"tag-europe","13":"tag-faits-divers","14":"tag-fr","15":"tag-france","16":"tag-montpellier","17":"tag-news","18":"tag-occitanie","19":"tag-republique-francaise","20":"tag-tabac","21":"tag-videoprotection"},"share_on_mastodon":{"url":"https:\/\/pubeurope.com\/@fr\/115288666584359921","error":""},"_links":{"self":[{"href":"https:\/\/www.europesays.com\/fr\/wp-json\/wp\/v2\/posts\/426558","targetHints":{"allow":["GET"]}}],"collection":[{"href":"https:\/\/www.europesays.com\/fr\/wp-json\/wp\/v2\/posts"}],"about":[{"href":"https:\/\/www.europesays.com\/fr\/wp-json\/wp\/v2\/types\/post"}],"author":[{"embeddable":true,"href":"https:\/\/www.europesays.com\/fr\/wp-json\/wp\/v2\/users\/2"}],"replies":[{"embeddable":true,"href":"https:\/\/www.europesays.com\/fr\/wp-json\/wp\/v2\/comments?post=426558"}],"version-history":[{"count":0,"href":"https:\/\/www.europesays.com\/fr\/wp-json\/wp\/v2\/posts\/426558\/revisions"}],"wp:featuredmedia":[{"embeddable":true,"href":"https:\/\/www.europesays.com\/fr\/wp-json\/wp\/v2\/media\/426559"}],"wp:attachment":[{"href":"https:\/\/www.europesays.com\/fr\/wp-json\/wp\/v2\/media?parent=426558"}],"wp:term":[{"taxonomy":"category","embeddable":true,"href":"https:\/\/www.europesays.com\/fr\/wp-json\/wp\/v2\/categories?post=426558"},{"taxonomy":"post_tag","embeddable":true,"href":"https:\/\/www.europesays.com\/fr\/wp-json\/wp\/v2\/tags?post=426558"}],"curies":[{"name":"wp","href":"https:\/\/api.w.org\/{rel}","templated":true}]}}