{"id":426560,"date":"2025-09-29T17:03:12","date_gmt":"2025-09-29T17:03:12","guid":{"rendered":"https:\/\/www.europesays.com\/fr\/426560\/"},"modified":"2025-09-29T17:03:12","modified_gmt":"2025-09-29T17:03:12","slug":"montville-un-retour-dans-le-passe-avec-un-groupe-tribute-a-france-gall","status":"publish","type":"post","link":"https:\/\/www.europesays.com\/fr\/426560\/","title":{"rendered":"Montville. Un retour dans le pass\u00e9 avec un groupe tribute \u00e0 France Gall"},"content":{"rendered":"<p melodystyle=\"texte\">Le groupe tribute Tour de France 88 qui rend hommage \u00e0 la tourn\u00e9e \u00e9ponyme de France Gall, s&rsquo;arr\u00eatera \u00e0 Montville le samedi 8\u00a0novembre \u00e0 20\u00a0heures.<\/p>\n<p>La tourn\u00e9e \u00e9v\u00e9nement<\/p>\n<p melodystyle=\"texte\">Quatorze musiciens seront sur la sc\u00e8ne de la salle Jean-Loup Chr\u00e9tien pour vous faire revivre cette tourn\u00e9e \u00e9v\u00e9nement de France Gall. Costumes, danses et voix, tout y sera pour vous plonger en 1988.<\/p>\n<p style=\"font-weight:bold;color:#002458;\">Tarif : 22 euros. Billetterie sur Weezevent.com<\/p>\n","protected":false},"excerpt":{"rendered":"Le groupe tribute Tour de France 88 qui rend hommage \u00e0 la tourn\u00e9e \u00e9ponyme de France Gall, s&rsquo;arr\u00eatera&hellip;\n","protected":false},"author":2,"featured_media":426561,"comment_status":"","ping_status":"","sticky":false,"template":"","format":"standard","meta":{"footnotes":""},"categories":[9587],"tags":[1111,11,1777,674,1011,27,12,5161,25,9590],"class_list":{"0":"post-426560","1":"post","2":"type-post","3":"status-publish","4":"format-standard","5":"has-post-thumbnail","7":"category-rouen","8":"tag-actu","9":"tag-actualites","10":"tag-eu","11":"tag-europe","12":"tag-fr","13":"tag-france","14":"tag-news","15":"tag-normandie","16":"tag-republique-francaise","17":"tag-rouen"},"share_on_mastodon":{"url":"https:\/\/pubeurope.com\/@fr\/115288670464531081","error":""},"_links":{"self":[{"href":"https:\/\/www.europesays.com\/fr\/wp-json\/wp\/v2\/posts\/426560","targetHints":{"allow":["GET"]}}],"collection":[{"href":"https:\/\/www.europesays.com\/fr\/wp-json\/wp\/v2\/posts"}],"about":[{"href":"https:\/\/www.europesays.com\/fr\/wp-json\/wp\/v2\/types\/post"}],"author":[{"embeddable":true,"href":"https:\/\/www.europesays.com\/fr\/wp-json\/wp\/v2\/users\/2"}],"replies":[{"embeddable":true,"href":"https:\/\/www.europesays.com\/fr\/wp-json\/wp\/v2\/comments?post=426560"}],"version-history":[{"count":0,"href":"https:\/\/www.europesays.com\/fr\/wp-json\/wp\/v2\/posts\/426560\/revisions"}],"wp:featuredmedia":[{"embeddable":true,"href":"https:\/\/www.europesays.com\/fr\/wp-json\/wp\/v2\/media\/426561"}],"wp:attachment":[{"href":"https:\/\/www.europesays.com\/fr\/wp-json\/wp\/v2\/media?parent=426560"}],"wp:term":[{"taxonomy":"category","embeddable":true,"href":"https:\/\/www.europesays.com\/fr\/wp-json\/wp\/v2\/categories?post=426560"},{"taxonomy":"post_tag","embeddable":true,"href":"https:\/\/www.europesays.com\/fr\/wp-json\/wp\/v2\/tags?post=426560"}],"curies":[{"name":"wp","href":"https:\/\/api.w.org\/{rel}","templated":true}]}}