{"id":426562,"date":"2025-09-29T17:04:11","date_gmt":"2025-09-29T17:04:11","guid":{"rendered":"https:\/\/www.europesays.com\/fr\/426562\/"},"modified":"2025-09-29T17:04:11","modified_gmt":"2025-09-29T17:04:11","slug":"vainqueur-de-la-solitaire-du-figaro-alexis-loison-vise-maintenant-le-depart-de-la-route-du-rhum","status":"publish","type":"post","link":"https:\/\/www.europesays.com\/fr\/426562\/","title":{"rendered":"Vainqueur de la Solitaire du Figaro, Alexis Loison vise maintenant le d\u00e9part de la Route du Rhum"},"content":{"rendered":"<p>Vainqueur vendredi 26 septembre de la Solitaire du Figaro \u00e0 Saint-Vaast-la-Hougue (Manche), le natif de Rouen Alexis Loison a r\u00e9alis\u00e9 un de ses r\u00eaves, apr\u00e8s 19 tentatives. Il r\u00eave maintenant d&rsquo;une transatlantique en solitaire.<\/p>\n<p>\u00ab\u00a0J&rsquo;ai un peu l&rsquo;impression d&rsquo;avoir fait la Solitaire en plein hiver\u00a0!\u00a0\u00bb Apr\u00e8s avoir remport\u00e9, enfin, pour sa 19\u1d49 participation, la Solitaire du Figaro, le skipper manchois, natif de Rouen, Alexis Loison, r\u00e9pond aux questions de Bienvenue au Club, ce lundi 29 septembre. Une course en solitaire en trois \u00e9tapes disput\u00e9e dans des conditions climatiques parfois dantesques, \u00e0 cause d&rsquo;un vent tr\u00e8s fort qui a d\u00e9cal\u00e9 le parcours et le d\u00e9part d&rsquo;une \u00e9tape. Alexis Loison s&rsquo;est \u00e9vertu\u00e9 \u00e0 prendre le d\u00e9part quasiment chaque ann\u00e9e pour r\u00e9aliser son r\u00eave de remporter cette Solitaire\u00a0: une abn\u00e9gation r\u00e9compens\u00e9e lors de cette nouvelle tentative, qui ne sera pas la derni\u00e8re\u00a0: Loison la tentera une vingti\u00e8me fois, afin d&rsquo;avoir un chiffre rond, mais annonce aussi vouloir tenter la Route du Rhum, course transatlantique entre la Bretagne et la Guadeloupe, en 2026.<\/p>\n<p>Il nous raconte ses gal\u00e8res d&rsquo;aventure, notamment son d\u00e9part coup\u00e9 au tout d\u00e9but de cette \u00e9dition, et ses bonheurs, comme la victoire dans la premi\u00e8re \u00e9tape, et revient sur sa carri\u00e8re de skipper.<\/p>\n<p>En d\u00e9but d&rsquo;\u00e9mission, ICI Normandie revient, avec Fran\u00e7ois Manoury, sur le match nul du Havre AC \u00e0 Metz (0-0). Le premier match nul et vierge de la saison de Ligue 1, apr\u00e8s un match qui ne m\u00e9ritait pas vraiment mieux. Seules \u00e9claircies\u00a0: le but refus\u00e9 \u00e0 Zouaoui pour une faute pr\u00e9alable et la prestation pleine de promesses de Reda Khadra qui a notamment gratifi\u00e9 le public messin d&rsquo;un raid en solitaire spectaculaire, avant malheureusement d&rsquo;arriver en manque de gaz face au portier du FCM. Que retenir de cette rencontre, avant d&rsquo;accueillir Rennes\u00a0? On en d\u00e9bat ensemble.<\/p>\n","protected":false},"excerpt":{"rendered":"Vainqueur vendredi 26 septembre de la Solitaire du Figaro \u00e0 Saint-Vaast-la-Hougue (Manche), le natif de Rouen Alexis Loison&hellip;\n","protected":false},"author":2,"featured_media":426563,"comment_status":"","ping_status":"","sticky":false,"template":"","format":"standard","meta":{"footnotes":""},"categories":[9587],"tags":[1111,11,1777,674,1011,27,12,5161,25,9590],"class_list":{"0":"post-426562","1":"post","2":"type-post","3":"status-publish","4":"format-standard","5":"has-post-thumbnail","7":"category-rouen","8":"tag-actu","9":"tag-actualites","10":"tag-eu","11":"tag-europe","12":"tag-fr","13":"tag-france","14":"tag-news","15":"tag-normandie","16":"tag-republique-francaise","17":"tag-rouen"},"share_on_mastodon":{"url":"https:\/\/pubeurope.com\/@fr\/115288674348236027","error":""},"_links":{"self":[{"href":"https:\/\/www.europesays.com\/fr\/wp-json\/wp\/v2\/posts\/426562","targetHints":{"allow":["GET"]}}],"collection":[{"href":"https:\/\/www.europesays.com\/fr\/wp-json\/wp\/v2\/posts"}],"about":[{"href":"https:\/\/www.europesays.com\/fr\/wp-json\/wp\/v2\/types\/post"}],"author":[{"embeddable":true,"href":"https:\/\/www.europesays.com\/fr\/wp-json\/wp\/v2\/users\/2"}],"replies":[{"embeddable":true,"href":"https:\/\/www.europesays.com\/fr\/wp-json\/wp\/v2\/comments?post=426562"}],"version-history":[{"count":0,"href":"https:\/\/www.europesays.com\/fr\/wp-json\/wp\/v2\/posts\/426562\/revisions"}],"wp:featuredmedia":[{"embeddable":true,"href":"https:\/\/www.europesays.com\/fr\/wp-json\/wp\/v2\/media\/426563"}],"wp:attachment":[{"href":"https:\/\/www.europesays.com\/fr\/wp-json\/wp\/v2\/media?parent=426562"}],"wp:term":[{"taxonomy":"category","embeddable":true,"href":"https:\/\/www.europesays.com\/fr\/wp-json\/wp\/v2\/categories?post=426562"},{"taxonomy":"post_tag","embeddable":true,"href":"https:\/\/www.europesays.com\/fr\/wp-json\/wp\/v2\/tags?post=426562"}],"curies":[{"name":"wp","href":"https:\/\/api.w.org\/{rel}","templated":true}]}}