{"id":426568,"date":"2025-09-29T17:07:10","date_gmt":"2025-09-29T17:07:10","guid":{"rendered":"https:\/\/www.europesays.com\/fr\/426568\/"},"modified":"2025-09-29T17:07:10","modified_gmt":"2025-09-29T17:07:10","slug":"greve-du-2-octobre-a-rennes-les-syndicats-appellent-a-se-mobiliser-encore-plus-fortement","status":"publish","type":"post","link":"https:\/\/www.europesays.com\/fr\/426568\/","title":{"rendered":"Gr\u00e8ve du 2 octobre. \u00c0 Rennes, les syndicats appellent \u00e0 \u00ab\u00a0se mobiliser encore plus fortement\u00a0\u00bb"},"content":{"rendered":"<p>            Par<br \/>\n        <strong><br \/>\n            <a href=\"https:\/\/actu.fr\/auteur\/clemence-pays02-actu-fr\" title=\"Consulter tous les articles de Cl\u00e9mence Pays\" target=\"_blank\" rel=\"noopener\">Cl\u00e9mence Pays<\/a><br \/>\n        <\/strong><\/p>\n<p>        Publi\u00e9 le<\/p>\n<p>            29 sept. 2025 \u00e0 18h48        <\/p>\n<p>Apr\u00e8s <a href=\"https:\/\/actu.fr\/politique\/les-syndicats-evoquent-une-nouvelle-mobilisation-le-2-octobre-apres-leur-rencontre-avec-sebastien-lecornu_63207013.html\" target=\"_blank\" rel=\"noopener\">une rencontre jug\u00e9e infructueuse entre les syndicats et le Premier ministre, S\u00e9bastien Lecornu<\/a>, une nouvelle journ\u00e9e de mobilisation nationale a \u00e9t\u00e9 fix\u00e9e au jeudi 2\u00a0octobre 2025. \u00c0 Rennes, <strong>l\u2019intersyndicale compte bien \u00eatre pr\u00e9sente.<\/strong> Dans un communiqu\u00e9, FO, la CFDT, CFE-CGC, FA, FSU, Unsa fonction publique et Solidaires fonction publique d\u00e9plorent qu\u2019\u00ab\u2009aucune rupture avec les mesures pr\u00e9sent\u00e9es en juillet ne soit envisag\u00e9e\u2009\u00bb.<\/p>\n<p>Trois cort\u00e8ges pr\u00e9vus<\/p>\n<p class=\" wall-content\">Ainsi, \u00ab\u2009les organisations syndicales de la fonction publique appellent les personnels \u00e0 <strong>se mobiliser encore plus fortement<\/strong> lors d\u2019une nouvelle journ\u00e9e interprofessionnelle de gr\u00e8ve et de manifestation le <strong>jeudi 2\u00a0octobre\u2009\u00bb.<\/strong><\/p>\n<p class=\" wall-content\">Trois rassemblements sont pr\u00e9vus dans trois quartiers de Rennes\u2009: \u00e0 R\u00e9publique, \u00e0 la gare et \u00e0 Villejean. Les manifestants partiront ensuite en cort\u00e8ge <strong>esplanade Charles-de-Gaulle,<\/strong> o\u00f9 le rendez-vous est donn\u00e9<strong> \u00e0 13h, <\/strong>pour d\u00e9buter la manifestation.<\/p>\n<blockquote class=\"ac-article-quote wall-content\">\n<p>La pression doit continuer d\u00e8s le lendemain sur ceux qui d\u00e9tiennent le pouvoir \u00e9conomique, b\u00e9n\u00e9ficient de plus de 211 milliards d&rsquo;euros d&rsquo;aides publiques par an sans contrepartie sociale ou environnementale et qui menacent de quitter le pays si on touche \u00e0 leur fortune.<\/p>\n<p>    <strong>Fabrice Lerestif<\/strong><br \/>\n        Secr\u00e9taire g\u00e9n\u00e9ral de l&rsquo;UD FO 35    <\/p><\/blockquote>\n<p class=\" wall-content\">Parmi les revendications de l\u2019intersyndicale, sont demand\u00e9s\u2009:<\/p>\n<ul class=\" wall-content\">\n<li>davantage de <strong>moyens budg\u00e9taires<\/strong> pour les missions des services et des politiques publiques\u2009;<\/li>\n<li>des <strong>cr\u00e9ations d\u2019emplois de fonctionnaires<\/strong> et un plan de titularisation pour lutter contre la pr\u00e9carit\u00e9\u2009;<\/li>\n<li>la <strong>revalorisation des grilles indiciaires<\/strong> pour la r\u00e9mun\u00e9ration des salari\u00e9s\u2009;<\/li>\n<li>l\u2019abandon du recul de l\u2019\u00e2ge de d\u00e9part \u00e0 la <strong>retraite \u00e0 64\u00a0ans\u2009;<\/strong><\/li>\n<li>la<strong> justice fiscale.<\/strong><\/li>\n<\/ul>\n<p>Votre r\u00e9gion, votre actu !<\/p>\n<p>Recevez chaque jour les infos qui comptent pour vous.<\/p>\n<p>\t<a href=\"https:\/\/actu.fr\/newsletter\" class=\"ac-btn ac-btn--corner ac-btn--medium ac-btn--blue800\" target=\"_blank\" rel=\"noopener\">S&rsquo;incrire<\/a><br \/>\nAu moins un tracteur pr\u00e9sent<\/p>\n<p class=\" wall-content\">La <strong>Conf\u00e9d\u00e9ration paysanne d\u2019Ille-et-Vilaine,<\/strong> \u00e9galement signataire de cet appel \u00e0 la gr\u00e8ve, se rassemblera \u00e0 Villejean, \u00e0 11h. <strong>\u00ab\u2009On sera pr\u00e9sents avec un tracteur pour nourrir les \u00e9tudiants\u2009\u00bb,<\/strong> avec des produits cultiv\u00e9s dans les fermes des paysans mobilis\u00e9s, a indiqu\u00e9 \u00e0 actu Rennes Pierrick Rigal, membre du bureau de la Conf\u00e9d\u00e9ration paysanne 35.<\/p>\n<p class=\" wall-content\"><strong>Les agriculteurs prendront ensuite le chemin du centre-ville<\/strong> pour rejoindre les autres manifestants. \u00ab\u2009Un tracteur sera peut-\u00eatre pr\u00e9sent dans le cort\u00e8ge.\u2009\u00bb<\/p>\n<p class=\" wall-content\">Personnalisez votre actualit\u00e9 en ajoutant vos villes et m\u00e9dias en favori avec <a href=\"https:\/\/moncompte.actu.fr\" title=\"D\u00e9couvez Mon Actu\" rel=\"nofollow noopener\" data-trk=\"{&quot;cta&quot;:{&quot;action&quot;:&quot;https:\\\/\\\/moncompte.actu.fr&quot;,&quot;category&quot;:&quot;mon compte&quot;,&quot;from&quot;:&quot;article footer&quot;,&quot;name&quot;:&quot;Mon actu&quot;,&quot;type&quot;:&quot;cta&quot;}}\" target=\"_blank\">Mon Actu<\/a>.<\/p>\n","protected":false},"excerpt":{"rendered":"Par Cl\u00e9mence Pays Publi\u00e9 le 29 sept. 2025 \u00e0 18h48 Apr\u00e8s une rencontre jug\u00e9e infructueuse entre les syndicats&hellip;\n","protected":false},"author":2,"featured_media":426569,"comment_status":"","ping_status":"","sticky":false,"template":"","format":"standard","meta":{"footnotes":""},"categories":[2821],"tags":[1111,11,829,1777,674,1011,27,54872,1272,12,584,25,104,3427],"class_list":{"0":"post-426568","1":"post","2":"type-post","3":"status-publish","4":"format-standard","5":"has-post-thumbnail","7":"category-rennes","8":"tag-actu","9":"tag-actualites","10":"tag-bretagne","11":"tag-eu","12":"tag-europe","13":"tag-fr","14":"tag-france","15":"tag-greve-du-2-octobre-2025","16":"tag-manifestations","17":"tag-news","18":"tag-rennes","19":"tag-republique-francaise","20":"tag-societe","21":"tag-syndicats"},"share_on_mastodon":{"url":"https:\/\/pubeurope.com\/@fr\/115288686350854796","error":""},"_links":{"self":[{"href":"https:\/\/www.europesays.com\/fr\/wp-json\/wp\/v2\/posts\/426568","targetHints":{"allow":["GET"]}}],"collection":[{"href":"https:\/\/www.europesays.com\/fr\/wp-json\/wp\/v2\/posts"}],"about":[{"href":"https:\/\/www.europesays.com\/fr\/wp-json\/wp\/v2\/types\/post"}],"author":[{"embeddable":true,"href":"https:\/\/www.europesays.com\/fr\/wp-json\/wp\/v2\/users\/2"}],"replies":[{"embeddable":true,"href":"https:\/\/www.europesays.com\/fr\/wp-json\/wp\/v2\/comments?post=426568"}],"version-history":[{"count":0,"href":"https:\/\/www.europesays.com\/fr\/wp-json\/wp\/v2\/posts\/426568\/revisions"}],"wp:featuredmedia":[{"embeddable":true,"href":"https:\/\/www.europesays.com\/fr\/wp-json\/wp\/v2\/media\/426569"}],"wp:attachment":[{"href":"https:\/\/www.europesays.com\/fr\/wp-json\/wp\/v2\/media?parent=426568"}],"wp:term":[{"taxonomy":"category","embeddable":true,"href":"https:\/\/www.europesays.com\/fr\/wp-json\/wp\/v2\/categories?post=426568"},{"taxonomy":"post_tag","embeddable":true,"href":"https:\/\/www.europesays.com\/fr\/wp-json\/wp\/v2\/tags?post=426568"}],"curies":[{"name":"wp","href":"https:\/\/api.w.org\/{rel}","templated":true}]}}