{"id":426574,"date":"2025-09-29T17:10:15","date_gmt":"2025-09-29T17:10:15","guid":{"rendered":"https:\/\/www.europesays.com\/fr\/426574\/"},"modified":"2025-09-29T17:10:15","modified_gmt":"2025-09-29T17:10:15","slug":"strasbourg-orelsan-passera-par-le-zenith-le-29-janvier-2026","status":"publish","type":"post","link":"https:\/\/www.europesays.com\/fr\/426574\/","title":{"rendered":"Strasbourg. Orelsan passera par le Z\u00e9nith le 29\u00a0janvier 2026"},"content":{"rendered":"<p>2026 s\u2019annonce bien remplie pour Orelsan. Le rappeur caennais n\u2019annonce pas \u00e0 proprement parler de nouvel album, mais la BO devrait sortir en m\u00eame temps que son film Yoro\u00ef , en salles le 29\u00a0octobre prochain. Surtout, il annonce une tourn\u00e9e d\u2019une trentaine de dates en France et en Belgique, qui d\u00e9butera le 16\u00a0janvier \u00ab\u00a0\u00e0 domicile\u00a0\u00bb, \u00e0 Caen, et passera par le Zenith de Strasbourg le 29\u00a0janvier \u00e0 20\u00a0h.<\/p>\n<p>Ce contenu est bloqu\u00e9 car vous n&rsquo;avez pas accept\u00e9 les cookies et autres traceurs.<\/p>\n<p>En cliquant sur \u00ab J\u2019accepte \u00bb, les cookies et autres traceurs seront d\u00e9pos\u00e9s et vous pourrez visualiser les contenus  (<a href=\"\" class=\"consentModule_policy\" target=\"_blank\" title=\"Consulter la politique de protection des donn\u00e9es du fournisseur\">plus d&rsquo;informations<\/a>).<\/p>\n<p>En cliquant sur \u00ab J\u2019accepte tous les cookies \u00bb, vous autorisez des d\u00e9p\u00f4ts de cookies et autres traceurs pour le stockage de vos donn\u00e9es sur nos sites et applications \u00e0 des fins de personnalisation et de ciblage publicitaire.<\/p>\n<p class=\"consentModule_secondaryText\">Vous gardez la possibilit\u00e9 de retirer votre consentement \u00e0 tout moment en consultant notre <a href=\"https:\/\/www.dna.fr\/protection-des-donnees\" target=\"_blank\" title=\"Consulter notre politique de protection des donn\u00e9es\" rel=\"nofollow noopener\">politique de protection des donn\u00e9es<\/a>. <br \/>&#13;<br \/>\n            <a href=\"https:\/\/www.dna.fr\/culture-loisirs\/2025\/09\/29\/javascript:Didomi.notice.show()\" class=\"consentModule_cmp\" rel=\"nofollow noopener\" target=\"_blank\">G\u00e9rer mes choix<\/a>&#13;\n        <\/p>\n<p>&#13;<br \/>\n                        J&rsquo;accepte&#13;<br \/>\n            J&rsquo;accepte tous les cookies&#13;\n        <\/p>\n<p>L\u2019artiste a annonc\u00e9 sur son compte Instagram que la billetterie, via <a href=\"https:\/\/orelsan.show\/\" target=\"_blank\" rel=\"nofollow noopener\">orelsan.show<\/a> , sera en ligne ce mardi 30\u00a0septembre \u00e0 10\u00a0h.<\/p>\n","protected":false},"excerpt":{"rendered":"2026 s\u2019annonce bien remplie pour Orelsan. Le rappeur caennais n\u2019annonce pas \u00e0 proprement parler de nouvel album, mais&hellip;\n","protected":false},"author":2,"featured_media":426575,"comment_status":"","ping_status":"","sticky":false,"template":"","format":"standard","meta":{"footnotes":""},"categories":[2820],"tags":[1111,11,2389,1687,2880,1777,674,107,1011,27,775,873,12,25,640,2879],"class_list":{"0":"post-426574","1":"post","2":"type-post","3":"status-publish","4":"format-standard","5":"has-post-thumbnail","7":"category-strasbourg","8":"tag-actu","9":"tag-actualites","10":"tag-alsace","11":"tag-culture-loisirs","12":"tag-edition-strasbourg","13":"tag-eu","14":"tag-europe","15":"tag-fil-info","16":"tag-fr","17":"tag-france","18":"tag-grand-est","19":"tag-musique","20":"tag-news","21":"tag-republique-francaise","22":"tag-strasbourg","23":"tag-strasbourg-ville"},"share_on_mastodon":{"url":"https:\/\/pubeurope.com\/@fr\/115288698040240157","error":""},"_links":{"self":[{"href":"https:\/\/www.europesays.com\/fr\/wp-json\/wp\/v2\/posts\/426574","targetHints":{"allow":["GET"]}}],"collection":[{"href":"https:\/\/www.europesays.com\/fr\/wp-json\/wp\/v2\/posts"}],"about":[{"href":"https:\/\/www.europesays.com\/fr\/wp-json\/wp\/v2\/types\/post"}],"author":[{"embeddable":true,"href":"https:\/\/www.europesays.com\/fr\/wp-json\/wp\/v2\/users\/2"}],"replies":[{"embeddable":true,"href":"https:\/\/www.europesays.com\/fr\/wp-json\/wp\/v2\/comments?post=426574"}],"version-history":[{"count":0,"href":"https:\/\/www.europesays.com\/fr\/wp-json\/wp\/v2\/posts\/426574\/revisions"}],"wp:featuredmedia":[{"embeddable":true,"href":"https:\/\/www.europesays.com\/fr\/wp-json\/wp\/v2\/media\/426575"}],"wp:attachment":[{"href":"https:\/\/www.europesays.com\/fr\/wp-json\/wp\/v2\/media?parent=426574"}],"wp:term":[{"taxonomy":"category","embeddable":true,"href":"https:\/\/www.europesays.com\/fr\/wp-json\/wp\/v2\/categories?post=426574"},{"taxonomy":"post_tag","embeddable":true,"href":"https:\/\/www.europesays.com\/fr\/wp-json\/wp\/v2\/tags?post=426574"}],"curies":[{"name":"wp","href":"https:\/\/api.w.org\/{rel}","templated":true}]}}