{"id":426585,"date":"2025-09-29T17:16:10","date_gmt":"2025-09-29T17:16:10","guid":{"rendered":"https:\/\/www.europesays.com\/fr\/426585\/"},"modified":"2025-09-29T17:16:10","modified_gmt":"2025-09-29T17:16:10","slug":"la-nouvelle-porte-de-lhotel-de-ville-sera-installee-le-10-decembre","status":"publish","type":"post","link":"https:\/\/www.europesays.com\/fr\/426585\/","title":{"rendered":"la nouvelle porte de l\u2019h\u00f4tel de ville sera install\u00e9e le 10\u00a0d\u00e9cembre"},"content":{"rendered":"<p>Pourquoi le 10\u00a0d\u00e9cembre et pas fin novembre comme cela avait \u00e9t\u00e9 annonc\u00e9 par la municipalit\u00e9\u00a0? \u00ab\u00a0Tout simplement parce qu\u2019il fallait laisser un peu plus de temps aux artisans d\u2019art. Ce chantier, c\u2019est quand m\u00eame un travail d\u2019orf\u00e8vre\u00a0\u00bb, fait remarquer Delphine Jamet, l\u2018adjointe au maire charg\u00e9e de l\u2019administration g\u00e9n\u00e9rale. Il faut dire que, selon le v\u0153u de 75,5\u00a0% des quelque <a href=\"https:\/\/www.sudouest.fr\/gironde\/bordeaux\/incendie-de-la-porte-de-la-mairie-de-bordeaux-la-ville-lance-la-consultation-pour-son-remplacement-16828300.php\" target=\"_blank\" rel=\"follow nofollow noopener\">13\u00a0800\u00a0personnes qui avaient particip\u00e9 \u00e0 la consultation lanc\u00e9e par la Mairie<\/a>, l\u2019objectif \u00e9tait de recr\u00e9er une r\u00e9plique la plus parfaite possible du portail historique.<\/p>\n<p>Entr\u00e9e principale bloqu\u00e9e cette semaine<\/p>\n<p>Pour ce faire, il a fallu commencer par restaurer les murs. Un travail m\u00e9ticuleux confi\u00e9 aux Compagnons de Saint-Jacques, qui ont d\u00fb remplacer trois \u00e0 quatre m\u00e8tres cubes de pierres de taille ab\u00eem\u00e9es par l\u2019incendie. Le gros du chantier est achev\u00e9 depuis plusieurs mois, mais il reste encore quelques interventions \u00e0 effectuer c\u00f4t\u00e9 cour. Voil\u00e0 pourquoi, cette semaine jusqu\u2019au 3\u00a0octobre inclus, l\u2019entr\u00e9e principale est provisoirement bloqu\u00e9e par des \u00e9chafaudages, obligeant les visiteurs \u00e0 p\u00e9n\u00e9trer dans l\u2019enceinte municipale par la rue Montbazon.<\/p>\n<p>Et c\u2019est donc \u00e0 une quinzaine de jours de No\u00ebl que le nouvel ouvrage en ch\u00eane massif fran\u00e7ais, avec les m\u00eames moulures que son anc\u00eatre, sera d\u00e9finitivement install\u00e9 sur ses gonds.<\/p>\n","protected":false},"excerpt":{"rendered":"Pourquoi le 10\u00a0d\u00e9cembre et pas fin novembre comme cela avait \u00e9t\u00e9 annonc\u00e9 par la municipalit\u00e9\u00a0? \u00ab\u00a0Tout simplement parce&hellip;\n","protected":false},"author":2,"featured_media":426586,"comment_status":"","ping_status":"","sticky":false,"template":"","format":"standard","meta":{"footnotes":""},"categories":[2817],"tags":[1111,11,1997,1777,674,1011,27,12,2219,25],"class_list":{"0":"post-426585","1":"post","2":"type-post","3":"status-publish","4":"format-standard","5":"has-post-thumbnail","7":"category-bordeaux","8":"tag-actu","9":"tag-actualites","10":"tag-bordeaux","11":"tag-eu","12":"tag-europe","13":"tag-fr","14":"tag-france","15":"tag-news","16":"tag-nouvelle-aquitaine","17":"tag-republique-francaise"},"share_on_mastodon":{"url":"https:\/\/pubeurope.com\/@fr\/115288721611669303","error":""},"_links":{"self":[{"href":"https:\/\/www.europesays.com\/fr\/wp-json\/wp\/v2\/posts\/426585","targetHints":{"allow":["GET"]}}],"collection":[{"href":"https:\/\/www.europesays.com\/fr\/wp-json\/wp\/v2\/posts"}],"about":[{"href":"https:\/\/www.europesays.com\/fr\/wp-json\/wp\/v2\/types\/post"}],"author":[{"embeddable":true,"href":"https:\/\/www.europesays.com\/fr\/wp-json\/wp\/v2\/users\/2"}],"replies":[{"embeddable":true,"href":"https:\/\/www.europesays.com\/fr\/wp-json\/wp\/v2\/comments?post=426585"}],"version-history":[{"count":0,"href":"https:\/\/www.europesays.com\/fr\/wp-json\/wp\/v2\/posts\/426585\/revisions"}],"wp:featuredmedia":[{"embeddable":true,"href":"https:\/\/www.europesays.com\/fr\/wp-json\/wp\/v2\/media\/426586"}],"wp:attachment":[{"href":"https:\/\/www.europesays.com\/fr\/wp-json\/wp\/v2\/media?parent=426585"}],"wp:term":[{"taxonomy":"category","embeddable":true,"href":"https:\/\/www.europesays.com\/fr\/wp-json\/wp\/v2\/categories?post=426585"},{"taxonomy":"post_tag","embeddable":true,"href":"https:\/\/www.europesays.com\/fr\/wp-json\/wp\/v2\/tags?post=426585"}],"curies":[{"name":"wp","href":"https:\/\/api.w.org\/{rel}","templated":true}]}}