{"id":426593,"date":"2025-09-29T17:20:43","date_gmt":"2025-09-29T17:20:43","guid":{"rendered":"https:\/\/www.europesays.com\/fr\/426593\/"},"modified":"2025-09-29T17:20:43","modified_gmt":"2025-09-29T17:20:43","slug":"ol-0-1-larbitrage-pointe-du-doigt","status":"publish","type":"post","link":"https:\/\/www.europesays.com\/fr\/426593\/","title":{"rendered":"OL (0-1) : l\u2019arbitrage point\u00e9 du doigt"},"content":{"rendered":"<p>                            <img width=\"770\" height=\"433\" src=\"https:\/\/www.europesays.com\/fr\/wp-content\/uploads\/2025\/09\/000_34PF9T6-e1713262604187-770x433.jpg\" class=\"attachment-article size-article wp-post-image\" alt=\"Mathieu Vernice, arbitre d'OL - Brest, a exclu Nicolas Tagliafico\" decoding=\"async\" fetchpriority=\"high\"  \/><\/p>\n<p>Mathieu Vernice, arbitre d\u2019OL \u2013 Brest, a exclu Nicolas Tagliafico (Photo by OLIVIER CHASSIGNOLE \/ AFP)<\/p>\n<p>Entre le carton rouge de Bruno Genesio et certaines d\u00e9cisions sur le terrain, Lille l\u2019avait mauvaise apr\u00e8s la d\u00e9faite contre l\u2019OL (0-1). Olivier Letang n\u2019a pas manqu\u00e9 de critiquer l\u2019arbitrage.<\/p>\n<p>\u00ab\u00a0Tous les week-ends, on a des probl\u00e8mes avec l&rsquo;arbitrage\u00a0\u00bb, a estim\u00e9 le pr\u00e9sident du LOSC Olivier\u00a0<strong>L\u00e9tang<\/strong>, qui a appel\u00e9 \u00e0\u00a0\u00ab\u00a0se mettre autour d&rsquo;une table\u00a0\u00bb\u00a0apr\u00e8s la d\u00e9faite \u00e0 domicile contre l&rsquo;<strong>OL<\/strong>\u00a0<a href=\"https:\/\/www.olympique-et-lyonnais.com\/lille-ol-des-lyonnais-bouscules-mais-encore-tres-solides-0-1,381430.html\" target=\"_blank\" rel=\"noopener\">(0-1)<\/a>\u00a0dimanche en Ligue 1. De l&rsquo;entra\u00eeneur au pr\u00e9sident, en passant par les joueurs, le camp lillois est sorti frustr\u00e9 de ce choc de la sixi\u00e8me journ\u00e9e de Ligue 1, hach\u00e9, tendu, qu&rsquo;il a domin\u00e9 au nombre d&rsquo;occasions sans jamais parvenir \u00e0 marquer.\u00a0\u00ab\u00a0C&rsquo;est un match, si on le rejoue dix fois on va le gagner neuf fois, donc il faut am\u00e9liorer cet aspect-l\u00e0\u00a0\u00bb,\u00a0a d&rsquo;abord comment\u00e9 Olivier\u00a0<strong>L\u00e9tang<\/strong>.<\/p>\n<p>Le pr\u00e9sident lillois s&rsquo;est ensuite laiss\u00e9 aller pour fustiger l&rsquo;arbitrage du championnat de France apr\u00e8s la prestation de Mathieu <strong>Vernice<\/strong> \u00e0 Pierre-Mauroy\u00a0:\u00a0\u00ab\u00a0C&rsquo;est un vrai questionnement, pas que pour nous, tous les week-ends, on a des probl\u00e8mes avec l&rsquo;arbitrage. Ce n\u2019est plus possible. On nous demande, pour le spectacle, de mettre des cam\u00e9ras dans les vestiaires, dans les bus&#8230; Mais si sur le terrain, on a des contenus d&rsquo;arbitrage comme \u00e7a&#8230; \u00ab\u00a0<\/p>\n<p>Genesio d\u00e9nonce une exclusion \u00ab\u00a0gaguesque\u00a0\u00bb<\/p>\n<p>Pointant du doigt notamment l\u2019absence d\u2019exclusion de Malick\u00a0<strong>Fofana<\/strong>\u00a0sur un tacle par-derri\u00e8re, Olivier Letang n\u2019a pas manqu\u00e9 de s\u2019en prendre \u00e0 Micka\u00ebl\u00a0<strong>Landreau<\/strong>, nomm\u00e9 en 2024 conseiller sportif pour la pr\u00e9paration tactique et technique des arbitres de Ligue\u00a01 par la FFF.\u00a0\u00ab\u00a0Il n&rsquo;y a rien de personnel, a-t-il jur\u00e9, mais on se demande tous ce qu&rsquo;il fait \u00e0 la F\u00e9d\u00e9ration parce qu&rsquo;il n&rsquo;y a aucun \u00e9change avec les clubs. Je suis triste pour le football fran\u00e7ais.\u00a0\u00bb\u00a0Dans la foul\u00e9e de son pr\u00e9sident, Bruno\u00a0<a href=\"https:\/\/www.olympique-et-lyonnais.com\/genesio-estime-que-lille-meritait-mieux-face-a-lol,381468.html\" target=\"_blank\" rel=\"noopener\">Genesio<\/a>\u00a0a consid\u00e9r\u00e9 que son exclusion (72e) \u00e9tait\u00a0\u00ab\u00a0gaguesque\u00a0\u00bb.\u00a0\u00ab\u00a0C&rsquo;est tellement risible&#8230; Je prends un carton jaune parce que j&rsquo;ai tap\u00e9 une bouteille suite \u00e0 une occasion rat\u00e9e de mon \u00e9quipe\u00a0\u00bb. D\u00e9\u00e7u par le r\u00e9sultat, l&rsquo;entra\u00eeneur a tout de m\u00eame consid\u00e9r\u00e9 que son \u00e9quipe\u00a0\u00ab\u00a0m\u00e9ritait largement mieux, mais il faut savoir \u00eatre efficace\u00a0\u00bb.<\/p>\n","protected":false},"excerpt":{"rendered":"Mathieu Vernice, arbitre d\u2019OL \u2013 Brest, a exclu Nicolas Tagliafico (Photo by OLIVIER CHASSIGNOLE \/ AFP) Entre le&hellip;\n","protected":false},"author":2,"featured_media":426594,"comment_status":"","ping_status":"","sticky":false,"template":"","format":"standard","meta":{"footnotes":""},"categories":[2815],"tags":[1111,11,1777,674,1011,27,811,66,1307,12,241,978,25],"class_list":{"0":"post-426593","1":"post","2":"type-post","3":"status-publish","4":"format-standard","5":"has-post-thumbnail","7":"category-lille","8":"tag-actu","9":"tag-actualites","10":"tag-eu","11":"tag-europe","12":"tag-fr","13":"tag-france","14":"tag-hauts-de-france","15":"tag-ligue-1","16":"tag-lille","17":"tag-news","18":"tag-ol","19":"tag-olympique-lyonnais","20":"tag-republique-francaise"},"share_on_mastodon":{"url":"https:\/\/pubeurope.com\/@fr\/115288737828650353","error":""},"_links":{"self":[{"href":"https:\/\/www.europesays.com\/fr\/wp-json\/wp\/v2\/posts\/426593","targetHints":{"allow":["GET"]}}],"collection":[{"href":"https:\/\/www.europesays.com\/fr\/wp-json\/wp\/v2\/posts"}],"about":[{"href":"https:\/\/www.europesays.com\/fr\/wp-json\/wp\/v2\/types\/post"}],"author":[{"embeddable":true,"href":"https:\/\/www.europesays.com\/fr\/wp-json\/wp\/v2\/users\/2"}],"replies":[{"embeddable":true,"href":"https:\/\/www.europesays.com\/fr\/wp-json\/wp\/v2\/comments?post=426593"}],"version-history":[{"count":0,"href":"https:\/\/www.europesays.com\/fr\/wp-json\/wp\/v2\/posts\/426593\/revisions"}],"wp:featuredmedia":[{"embeddable":true,"href":"https:\/\/www.europesays.com\/fr\/wp-json\/wp\/v2\/media\/426594"}],"wp:attachment":[{"href":"https:\/\/www.europesays.com\/fr\/wp-json\/wp\/v2\/media?parent=426593"}],"wp:term":[{"taxonomy":"category","embeddable":true,"href":"https:\/\/www.europesays.com\/fr\/wp-json\/wp\/v2\/categories?post=426593"},{"taxonomy":"post_tag","embeddable":true,"href":"https:\/\/www.europesays.com\/fr\/wp-json\/wp\/v2\/tags?post=426593"}],"curies":[{"name":"wp","href":"https:\/\/api.w.org\/{rel}","templated":true}]}}