{"id":426597,"date":"2025-09-29T17:22:23","date_gmt":"2025-09-29T17:22:23","guid":{"rendered":"https:\/\/www.europesays.com\/fr\/426597\/"},"modified":"2025-09-29T17:22:23","modified_gmt":"2025-09-29T17:22:23","slug":"le-rappeur-orelsan-fera-son-retour-a-marseille-au-dome-le-24-mars-2026","status":"publish","type":"post","link":"https:\/\/www.europesays.com\/fr\/426597\/","title":{"rendered":"Le rappeur Orelsan fera son retour \u00e0 Marseille, au D\u00f4me, le 24 mars 2026"},"content":{"rendered":"<p>Les fans marseillais attendaient le retour d\u2019Orelsan au D\u00f4me, ce sera chose faite le 24\u00a0mars prochain avec un show programm\u00e9 dans la grande salle de St-Just. L\u00e0 m\u00eame o\u00f9 le rappeur avait chauff\u00e9 le public \u00e0 deux reprises en\u00a02022, d\u2019abord au printemps avant de doubler la mise fin novembre. En\u00a02026, une seule date a pour l\u2019heure \u00e9t\u00e9 programm\u00e9e dans une tourn\u00e9e que l\u2019artiste commencera logiquement \u00e0 Caen, sa ville d\u2019origine, le 16\u00a0janvier. Et terminera par un encha\u00eenement spectaculaire de dix concerts \u00e0 l\u2019Accor Arena de Paris.<\/p>\n<p>Tout en annon\u00e7ant ces dates lors d\u2019une vid\u00e9o enregistr\u00e9e au pied du mont Fuji, le chanteur n\u2019a en revanche pas \u00e9voqu\u00e9 un possible nouvel album. Seule la promesse d\u2019un spectacle in\u00e9dit a \u00e9t\u00e9 communiqu\u00e9e par son \u00e9quipe\u00a0: \u00ab\u00a0On vous a pr\u00e9par\u00e9 une toute nouvelle tourn\u00e9e, pleine de surprises.\u00a0\u00bb<\/p>\n<p>Les spectateurs ayant assist\u00e9 aux dates marseillaises en\u00a02022, au festival Jardin Sonore cette m\u00eame ann\u00e9e ou encore<a href=\"https:\/\/www.laprovence.com\/article\/sortie-loisirs\/5916000473900415\/orelsan-l-odeur-de-l-effervescence-devant-12-000-spectateurs-en-fusion-au-stade-parsemain-de-fos-sur-mer\" target=\"_blank\" rel=\"noopener\"> au concert XXL au stade Parsemain \u00e0 Fos-sur-Mer<\/a> \u00e0 l\u2019\u00e9t\u00e9\u00a02023, peuvent en t\u00e9moigner\u00a0: le Normand n\u2019est jamais \u00e0 court d\u2019id\u00e9es pour retourner une soir\u00e9e. On se souvient notamment ces derni\u00e8res ann\u00e9es des battles de jeux vid\u00e9o organis\u00e9es sur sc\u00e8ne.<\/p>\n<p>Mais plus que son univers m\u00ealant des visuels inspir\u00e9s de sa passion des mangas et un art du chambrage ac\u00e9r\u00e9, <a href=\"https:\/\/www.laprovence.com\/article\/sorties-loisirs\/6933860\/orelsan-ouvre-les-portes-sur-son-processus-de-creation.html\" target=\"_blank\" rel=\"noopener\">Orelsan<\/a>, Aur\u00e9lien Cotentin de son vrai nom, sait transporter les fans avec son r\u00e9pertoire. Aux classiques La Terre est ronde, Basique ou encore D\u00e9faite de famille, l\u2019album Civilisation, <a href=\"https:\/\/www.laprovence.com\/article\/sorties-loisirs\/6658090\/la-fete-nest-pas-finie-pour-orelsan-et-clara-luciani-aux-victoires-le-marseillais-sch-a-lhonneur\" target=\"_blank\" rel=\"noopener\">aur\u00e9ol\u00e9 de nombreuses r\u00e9compenses<\/a> depuis sa sortie en\u00a02021, a apport\u00e9 de nouveaux incontournables. Ainsi La Qu\u00eate, Du Propre, L\u2019Odeur de l\u2019essence et Jour Meilleur, pour ne citer qu\u2019eux, font d\u00e9sormais partie des morceaux les plus attendus par le public.<\/p>\n<p>Tous pourraient r\u00e9sonner lors du prochain show au D\u00f4me, dont la premi\u00e8re des trois phases de billetterie s\u2019ouvrira ce mardi 30\u00a0septembre \u00e0 10h sur le site de l\u2019artiste. Avant les pr\u00e9ventes sur Ticketmaster et Adam Concerts d\u00e8s le mercredi 1er\u00a0octobre \u00e0 12h, puis l\u2019ouverture de la billetterie g\u00e9n\u00e9rale le 6\u00a0octobre \u00e0 10h.<\/p>\n<p><strong>Le 24 mars 2026 \u00e0 20\u00a0h au D\u00f4me, \u00e0 Marseille. De 45 \u00e0 75\u00a0\u20ac, pr\u00e9vente sur orelsan.show le mardi 30 septembre 2025 \u00e0 10\u00a0h, puis sur <a href=\"https:\/\/adamconcerts.com\/\" target=\"_blank\" rel=\"noopener\">www.adamconcerts.com<\/a> et <a href=\"https:\/\/www.ticketmaster.fr\/fr\" target=\"_blank\" rel=\"noopener\">www.ticketmaster.fr<\/a> le 1er octobre \u00e0 12\u00a0h. Ouverture de la billetterie tous r\u00e9seaux le 6 octobre \u00e0 10\u00a0h.<\/strong><\/p>\n","protected":false},"excerpt":{"rendered":"Les fans marseillais attendaient le retour d\u2019Orelsan au D\u00f4me, ce sera chose faite le 24\u00a0mars prochain avec un&hellip;\n","protected":false},"author":2,"featured_media":426598,"comment_status":"","ping_status":"","sticky":false,"template":"","format":"standard","meta":{"footnotes":""},"categories":[2814],"tags":[17,1111,11,251,11390,1777,674,54706,1011,27,884,12,21953,882,6198,25,8133,3711],"class_list":{"0":"post-426597","1":"post","2":"type-post","3":"status-publish","4":"format-standard","5":"has-post-thumbnail","7":"category-marseille","8":"tag-17","9":"tag-actu","10":"tag-actualites","11":"tag-culture","12":"tag-dome","13":"tag-eu","14":"tag-europe","15":"tag-fera","16":"tag-fr","17":"tag-france","18":"tag-marseille","19":"tag-news","20":"tag-orelsan","21":"tag-provence-alpes-cote-dazur","22":"tag-rappeur","23":"tag-republique-francaise","24":"tag-retour","25":"tag-son"},"share_on_mastodon":{"url":"https:\/\/pubeurope.com\/@fr\/115288745288850719","error":""},"_links":{"self":[{"href":"https:\/\/www.europesays.com\/fr\/wp-json\/wp\/v2\/posts\/426597","targetHints":{"allow":["GET"]}}],"collection":[{"href":"https:\/\/www.europesays.com\/fr\/wp-json\/wp\/v2\/posts"}],"about":[{"href":"https:\/\/www.europesays.com\/fr\/wp-json\/wp\/v2\/types\/post"}],"author":[{"embeddable":true,"href":"https:\/\/www.europesays.com\/fr\/wp-json\/wp\/v2\/users\/2"}],"replies":[{"embeddable":true,"href":"https:\/\/www.europesays.com\/fr\/wp-json\/wp\/v2\/comments?post=426597"}],"version-history":[{"count":0,"href":"https:\/\/www.europesays.com\/fr\/wp-json\/wp\/v2\/posts\/426597\/revisions"}],"wp:featuredmedia":[{"embeddable":true,"href":"https:\/\/www.europesays.com\/fr\/wp-json\/wp\/v2\/media\/426598"}],"wp:attachment":[{"href":"https:\/\/www.europesays.com\/fr\/wp-json\/wp\/v2\/media?parent=426597"}],"wp:term":[{"taxonomy":"category","embeddable":true,"href":"https:\/\/www.europesays.com\/fr\/wp-json\/wp\/v2\/categories?post=426597"},{"taxonomy":"post_tag","embeddable":true,"href":"https:\/\/www.europesays.com\/fr\/wp-json\/wp\/v2\/tags?post=426597"}],"curies":[{"name":"wp","href":"https:\/\/api.w.org\/{rel}","templated":true}]}}