{"id":426603,"date":"2025-09-29T17:26:11","date_gmt":"2025-09-29T17:26:11","guid":{"rendered":"https:\/\/www.europesays.com\/fr\/426603\/"},"modified":"2025-09-29T17:26:11","modified_gmt":"2025-09-29T17:26:11","slug":"onze-personnes-arretees-en-serbie","status":"publish","type":"post","link":"https:\/\/www.europesays.com\/fr\/426603\/","title":{"rendered":"onze personnes arr\u00eat\u00e9es en Serbie"},"content":{"rendered":"<p>Onze personnes, soup\u00e7onn\u00e9es d\u2019\u00eatre \u00e9t\u00e9 impliqu\u00e9es <a target=\"_self\" href=\"https:\/\/www.lanouvellerepublique.fr\/a-la-une\/des-tetes-de-cochon-retrouvees-devant-plusieurs-mosquees-d-ile-de-france-1757409398\" rel=\"nofollow noopener\">dans l\u2019affaire des t\u00eates de cochons d\u00e9pos\u00e9es devant neuf mosqu\u00e9es d\u2019\u00cele-de-France, d\u00e9but septembre\u00a02025<\/a>, ont \u00e9t\u00e9 arr\u00eat\u00e9es en Serbie, a annonc\u00e9 la police serbe, lundi 29\u00a0septembre.<\/p>\n<p>Ces onze personnes sont suspect\u00e9es d\u2019avoir pris part \u00e0 plusieurs op\u00e9rations \u00ab\u00a0incitant \u00e0 la haine\u00a0\u00bb en France, mais aussi en Allemagne, entre avril et septembre\u00a02025, pour le compte \u00ab\u00a0d\u2019un service de renseignement \u00e9tranger\u00a0\u00bb, pr\u00e9cise le minist\u00e8re de l\u2019Int\u00e9rieur serbe.<\/p>\n<p>Outre le d\u00e9p\u00f4t de t\u00eates de cochons devant neuf mosqu\u00e9es d\u2019\u00cele-de-France, d\u00e9but septembre, ces personnes sont aussi soup\u00e7onn\u00e9es d\u2019avoir jou\u00e9 un r\u00f4le <a target=\"_self\" href=\"https:\/\/www.lanouvellerepublique.fr\/a-la-une\/des-jets-de-peinture-verte-constates-sur-deux-synagogues-et-le-memorial-de-la-shoah-a-paris-1748695954\" rel=\"nofollow noopener\">dans l\u2019affaire du jet de peinture verte sur deux synagogues et le M\u00e9morial de la Shoah<\/a>, \u00e9galement \u00e0 Paris, fin mai.<\/p>\n<p>Des ing\u00e9rences russes\u00a0?<\/p>\n<p>Selon \ufeffle minist\u00e8re de l\u2019Int\u00e9rieur serbe, ces onze personnes qui font l\u2019objet d\u2019une enqu\u00eate pour \u00ab\u00a0crimes de conspiration, incitation \u00e0 la haine et espionnage\u00a0\u00bb auraient agi sous l\u2019influence d\u2019un ressortissant serbe, \u00ab\u00a0actuellement en fuite\u00a0\u00bb et sur \u00ab\u00a0instructions d\u2019un service de renseignement \u00e9tranger\u00a0\u00bb, qui n\u2019est pas nomm\u00e9.<\/p>\n<p>Depuis octobre\u00a02023, le parquet de Paris a ouvert neuf enqu\u00eates sur des soup\u00e7ons de\u00a0tentatives de d\u00e9stabilisation que beaucoup d\u2019observateurs attribuent \u00e0 la Russie.\u00a0Dans l\u2019affaire des t\u00eates de cochon, <a target=\"_self\" href=\"https:\/\/www.lanouvellerepublique.fr\/a-la-une\/tetes-de-cochon-devant-des-mosquees-une-possible-ingerence-etrangere-d-apres-le-prefet-de-police-de-paris-1757572707\" rel=\"nofollow noopener\">il avait assez vite \u00e9voqu\u00e9 une possible <\/a><a target=\"_self\" href=\"https:\/\/www.lanouvellerepublique.fr\/a-la-une\/tetes-de-cochon-devant-des-mosquees-une-possible-ingerence-etrangere-d-apres-le-prefet-de-police-de-paris-1757572707\" rel=\"nofollow noopener\">\u00ab\u00a0ing\u00e9rence \u00e9trang\u00e8re\u00a0\u00bb<\/a>. L\u2019enqu\u00eate a rapidement permis d\u2019identifier deux suspects qui auraient utilis\u00e9 un v\u00e9hicule, portant des plaques d\u2019immatriculation serbes, et qui pourraient \u00ab\u00a0avoir utilis\u00e9 une ligne de t\u00e9l\u00e9phone croate\u00a0\u00bb.<\/p>\n","protected":false},"excerpt":{"rendered":"Onze personnes, soup\u00e7onn\u00e9es d\u2019\u00eatre \u00e9t\u00e9 impliqu\u00e9es dans l\u2019affaire des t\u00eates de cochons d\u00e9pos\u00e9es devant neuf mosqu\u00e9es d\u2019\u00cele-de-France, d\u00e9but&hellip;\n","protected":false},"author":2,"featured_media":426604,"comment_status":"","ping_status":"","sticky":false,"template":"","format":"standard","meta":{"footnotes":""},"categories":[1592],"tags":[328,1111,11,1777,674,274,1011,27,329,662,74,12,626,25],"class_list":{"0":"post-426603","1":"post","2":"type-post","3":"status-publish","4":"format-standard","5":"has-post-thumbnail","7":"category-ile-de-france","8":"tag-a-la-une","9":"tag-actu","10":"tag-actualites","11":"tag-eu","12":"tag-europe","13":"tag-faits-divers-justice","14":"tag-fr","15":"tag-france","16":"tag-france-monde","17":"tag-ile-de-france","18":"tag-monde","19":"tag-news","20":"tag-paris","21":"tag-republique-francaise"},"share_on_mastodon":{"url":"https:\/\/pubeurope.com\/@fr\/115288760923538733","error":""},"_links":{"self":[{"href":"https:\/\/www.europesays.com\/fr\/wp-json\/wp\/v2\/posts\/426603","targetHints":{"allow":["GET"]}}],"collection":[{"href":"https:\/\/www.europesays.com\/fr\/wp-json\/wp\/v2\/posts"}],"about":[{"href":"https:\/\/www.europesays.com\/fr\/wp-json\/wp\/v2\/types\/post"}],"author":[{"embeddable":true,"href":"https:\/\/www.europesays.com\/fr\/wp-json\/wp\/v2\/users\/2"}],"replies":[{"embeddable":true,"href":"https:\/\/www.europesays.com\/fr\/wp-json\/wp\/v2\/comments?post=426603"}],"version-history":[{"count":0,"href":"https:\/\/www.europesays.com\/fr\/wp-json\/wp\/v2\/posts\/426603\/revisions"}],"wp:featuredmedia":[{"embeddable":true,"href":"https:\/\/www.europesays.com\/fr\/wp-json\/wp\/v2\/media\/426604"}],"wp:attachment":[{"href":"https:\/\/www.europesays.com\/fr\/wp-json\/wp\/v2\/media?parent=426603"}],"wp:term":[{"taxonomy":"category","embeddable":true,"href":"https:\/\/www.europesays.com\/fr\/wp-json\/wp\/v2\/categories?post=426603"},{"taxonomy":"post_tag","embeddable":true,"href":"https:\/\/www.europesays.com\/fr\/wp-json\/wp\/v2\/tags?post=426603"}],"curies":[{"name":"wp","href":"https:\/\/api.w.org\/{rel}","templated":true}]}}