{"id":426605,"date":"2025-09-29T17:27:11","date_gmt":"2025-09-29T17:27:11","guid":{"rendered":"https:\/\/www.europesays.com\/fr\/426605\/"},"modified":"2025-09-29T17:27:11","modified_gmt":"2025-09-29T17:27:11","slug":"un-travailleur-irradie-par-aglae-laccelerateur-de-particules-du-louvre","status":"publish","type":"post","link":"https:\/\/www.europesays.com\/fr\/426605\/","title":{"rendered":"un travailleur irradi\u00e9 par Agla\u00e9, l\u2019acc\u00e9l\u00e9rateur de particules du Louvre"},"content":{"rendered":"<p>                         <img loading=\"lazy\" decoding=\"async\" src=\"https:\/\/www.europesays.com\/fr\/wp-content\/uploads\/2025\/09\/05037aa_upload-1-kdtyqk5dhjfz-000-ug9g4.jpg\" alt=\"Une sculpture antique en bronze analys\u00e9e \u00e0 l\u2019aide de la derni\u00e8re version de l\u2019acc\u00e9l\u00e9rateur Grand Louvre d\u2019analyse \u00e9l\u00e9mentaire, un appareil d\u2019analyse chimique des \u0153uvres d\u2019art et des pi\u00e8ces arch\u00e9ologiques. Au mus\u00e9e du Louvre, \u00e0 Paris, le 21\u00a0novembre 2017.\"   width=\"664\" height=\"443\"\/>    Une sculpture antique en bronze analys\u00e9e \u00e0 l\u2019aide de la derni\u00e8re version de l\u2019acc\u00e9l\u00e9rateur Grand Louvre d\u2019analyse \u00e9l\u00e9mentaire, un appareil d\u2019analyse chimique des \u0153uvres d\u2019art et des pi\u00e8ces arch\u00e9ologiques. Au mus\u00e9e du Louvre, \u00e0 Paris, le 21\u00a0novembre 2017.  STEPHANE DE SAKUTIN\/AFP                 <\/p>\n<p class=\"article__paragraph  \">L\u2019incident de s\u00fbret\u00e9 impliquant de la radioactivit\u00e9 le plus grave des quinze\u00a0derni\u00e8res ann\u00e9es s\u2019est produit en plein Paris au c\u0153ur de l\u2019\u00e9t\u00e9, passant largement inaper\u00e7u. Le 22\u00a0juillet, un travailleur a \u00e9t\u00e9 irradi\u00e9 par l\u2019acc\u00e9l\u00e9rateur de particules du Centre de recherche et de restauration des mus\u00e9es de France (C2RMF), install\u00e9 dans les sous-sols du Louvre. L\u2019Autorit\u00e9 de s\u00fbret\u00e9 nucl\u00e9aire et de radioprotection (ASNR) l\u2019a class\u00e9 au niveau\u00a03\u00a0de l\u2019\u00e9chelle internationale\u00a0de gravit\u00e9 des \u00e9v\u00e9nements nucl\u00e9aires et radiologiques, ce qui en fait le troisi\u00e8me \u00ab\u00a0incident grave\u00a0\u00bb observ\u00e9 en France depuis 1981, le dernier ayant eu lieu en\u00a02008. Alors que l\u2019acc\u00e9l\u00e9rateur est \u00e0 l\u2019arr\u00eat depuis plus de deux\u00a0mois, la direction du C2RMF assure s\u2019employer \u00ab\u00a0\u00e0 r\u00e9pondre \u00e0 toutes les questions de l\u2019ASNR et \u00e0 restaurer la confiance\u00a0\u00bb.<\/p>\n<p class=\"article__paragraph  \">Install\u00e9 depuis 1988\u00a0au sein du Louvre, l\u2019acc\u00e9l\u00e9rateur baptis\u00e9 Agla\u00e9 pour Acc\u00e9l\u00e9rateur Grand Louvre d\u2019analyses \u00e9l\u00e9mentaires, est le seul au monde consacr\u00e9 exclusivement \u00e0 l\u2019\u00e9tude des objets du patrimoine culturel. Des particules charg\u00e9es en protons sont \u00ab\u00a0bombard\u00e9es\u00a0\u00bb<strong> <\/strong>sur les \u0153uvres d\u2019art ou les objets anciens, ce qui permet de conna\u00eetre la composition des mat\u00e9riaux qui les constituent.\u00a0En\u00a02017, cet instrument a \u00e9t\u00e9 largement r\u00e9vis\u00e9 et am\u00e9lior\u00e9 pour devenir le \u00ab\u00a0Nouvel Agla\u00e9\u00a0\u00bb, qui analyse plusieurs centaines d\u2019objets chaque ann\u00e9e.<\/p>\n<p class=\"reading-mode-only \"><strong>Il vous reste 74.72% de cet article \u00e0 lire. La suite est r\u00e9serv\u00e9e aux abonn\u00e9s.<\/strong><\/p>\n","protected":false},"excerpt":{"rendered":"Une sculpture antique en bronze analys\u00e9e \u00e0 l\u2019aide de la derni\u00e8re version de l\u2019acc\u00e9l\u00e9rateur Grand Louvre d\u2019analyse \u00e9l\u00e9mentaire,&hellip;\n","protected":false},"author":2,"featured_media":426606,"comment_status":"","ping_status":"","sticky":false,"template":"","format":"standard","meta":{"footnotes":""},"categories":[1888],"tags":[1111,1928,11,1927,1777,674,1011,27,12,1926,626,1925,25],"class_list":{"0":"post-426605","1":"post","2":"type-post","3":"status-publish","4":"format-standard","5":"has-post-thumbnail","7":"category-paris","8":"tag-actu","9":"tag-actu-paris","10":"tag-actualites","11":"tag-actualites-paris","12":"tag-eu","13":"tag-europe","14":"tag-fr","15":"tag-france","16":"tag-news","17":"tag-news-paris","18":"tag-paris","19":"tag-paris-news","20":"tag-republique-francaise"},"share_on_mastodon":{"url":"https:\/\/pubeurope.com\/@fr\/115288765373260941","error":""},"_links":{"self":[{"href":"https:\/\/www.europesays.com\/fr\/wp-json\/wp\/v2\/posts\/426605","targetHints":{"allow":["GET"]}}],"collection":[{"href":"https:\/\/www.europesays.com\/fr\/wp-json\/wp\/v2\/posts"}],"about":[{"href":"https:\/\/www.europesays.com\/fr\/wp-json\/wp\/v2\/types\/post"}],"author":[{"embeddable":true,"href":"https:\/\/www.europesays.com\/fr\/wp-json\/wp\/v2\/users\/2"}],"replies":[{"embeddable":true,"href":"https:\/\/www.europesays.com\/fr\/wp-json\/wp\/v2\/comments?post=426605"}],"version-history":[{"count":0,"href":"https:\/\/www.europesays.com\/fr\/wp-json\/wp\/v2\/posts\/426605\/revisions"}],"wp:featuredmedia":[{"embeddable":true,"href":"https:\/\/www.europesays.com\/fr\/wp-json\/wp\/v2\/media\/426606"}],"wp:attachment":[{"href":"https:\/\/www.europesays.com\/fr\/wp-json\/wp\/v2\/media?parent=426605"}],"wp:term":[{"taxonomy":"category","embeddable":true,"href":"https:\/\/www.europesays.com\/fr\/wp-json\/wp\/v2\/categories?post=426605"},{"taxonomy":"post_tag","embeddable":true,"href":"https:\/\/www.europesays.com\/fr\/wp-json\/wp\/v2\/tags?post=426605"}],"curies":[{"name":"wp","href":"https:\/\/api.w.org\/{rel}","templated":true}]}}