{"id":426607,"date":"2025-09-29T17:28:11","date_gmt":"2025-09-29T17:28:11","guid":{"rendered":"https:\/\/www.europesays.com\/fr\/426607\/"},"modified":"2025-09-29T17:28:11","modified_gmt":"2025-09-29T17:28:11","slug":"face-aux-attaques-le-nouveau-president-du-tribunal-de-paris-veut-faire-evoluer-la-communication-de-la-justice","status":"publish","type":"post","link":"https:\/\/www.europesays.com\/fr\/426607\/","title":{"rendered":"Face aux attaques, le nouveau pr\u00e9sident du tribunal de Paris veut faire \u00ab\u00a0\u00e9voluer\u00a0\u00bb la communication de la justice"},"content":{"rendered":"<p class=\"mb-4 text-lg md:leading-8 break-words\">\u00c0 l&rsquo;occasion de son installation officielle, le nouveau pr\u00e9sident du tribunal judiciaire de Paris, Peimane Ghaleh-Marzban, a appel\u00e9 lundi la plus grande juridiction de France \u00e0 \u00ab\u00a0m\u00e9riter la confiance\u00a0\u00bb et \u00e0 \u00ab\u00a0\u00e9voluer\u00a0\u00bb dans sa communication \u00e0 l&rsquo;heure des attaques qui la visent.<\/p>\n<p class=\"mb-4 text-lg md:leading-8 break-words\">En poste depuis le d\u00e9but de l&rsquo;\u00e9t\u00e9, le magistrat de 54 ans a \u00e9t\u00e9 install\u00e9 lundi \u00e0 la t\u00eate du premier tribunal du pays, avec 60.000 d\u00e9cisions civiles et 30.000 d\u00e9cisions p\u00e9nales rendues chaque ann\u00e9e, lors d&rsquo;une audience solennelle \u00e0 laquelle ont assist\u00e9 le garde des Sceaux d\u00e9missionnaire G\u00e9rald Darmanin et la maire de Paris Anne Hidalgo.<\/p>\n<p class=\"mb-4 text-lg md:leading-8 break-words\">Les virulentes accusations de \u00ab\u00a0justice politique\u00a0\u00bb \u00e0 l&rsquo;occasion des condamnations distinctes cette ann\u00e9e par le tribunal de Paris de Marine Le Pen et de Nicolas Sarkozy \u00ab\u00a0sapent les bases de notre droit et les fondements de notre d\u00e9mocratie\u00a0\u00bb, a mis en garde M. Ghaleh-Marzban d&rsquo;un ton sombre.<\/p>\n<p class=\"mb-4 text-lg md:leading-8 break-words\">L&rsquo;ex-pr\u00e9sident de la R\u00e9publique doit \u00eatre prochainement incarc\u00e9r\u00e9 apr\u00e8s sa condamnation jeudi \u00e0 cinq ans de prison dans le proc\u00e8s libyen, tandis que la patronne de l&rsquo;extr\u00eame droite est actuellement in\u00e9ligible en raison de sa condamnation en mars dans l&rsquo;affaire des assistants europ\u00e9ens du FN. Tous deux ont fait appel.<\/p>\n<p class=\"mb-4 text-lg md:leading-8 break-words\">Dans les deux cas, des menaces envers les pr\u00e9sidentes de la formation de jugement ont entra\u00een\u00e9 des ouvertures d&rsquo;enqu\u00eates judiciaires.<\/p>\n<p class=\"mb-4 text-lg md:leading-8 break-words\">\u00ab\u00a0Il y a un p\u00e9ril certain, pendant que de mani\u00e8re invraisemblable, des magistrats sont menac\u00e9s, parce qu&rsquo;ils n&rsquo;auraient commis qu&rsquo;une seule faute: celle d&rsquo;appliquer la r\u00e8gle de droit et d&rsquo;avoir rempli leur office\u00a0\u00bb, a regrett\u00e9 M. Ghaleh-Marzban, pr\u00e9c\u00e9demment pr\u00e9sident du tribunal de Bobigny.<\/p>\n<p class=\"mb-4 text-lg md:leading-8 break-words\">\u00ab\u00a0L&rsquo;heure n&rsquo;est pas \u00e0 la r\u00e9signation, mais \u00e0 l&rsquo;action. C&rsquo;est au prix d&rsquo;un travail que nous accomplissons au quotidien avec engagement, rigueur et enthousiasme que, selon les mots de (l&rsquo;ex-pr\u00e9sident du tribunal) Pierre Drai, nous m\u00e9ritons la confiance de nos concitoyens\u00a0\u00bb, a-t-il d\u00e9clar\u00e9 \u00e0 l&rsquo;intention de ses coll\u00e8gues.<\/p>\n<p class=\"mb-4 text-lg md:leading-8 break-words\">Le nouveau chef de la juridiction parisienne rel\u00e8ve une \u00ab\u00a0v\u00e9ritable asym\u00e9trie\u00a0\u00bb dans le d\u00e9bat public autour des d\u00e9cisions de justice, du fait du devoir de r\u00e9serve des magistrats: \u00ab\u00a0on constate, sur des plateaux de t\u00e9l\u00e9vision, des prises de position qui ne trouvent aucune contradiction\u00a0\u00bb.<\/p>\n<p class=\"mb-4 text-lg md:leading-8 break-words\">Or dans la soci\u00e9t\u00e9 actuelle de \u00ab\u00a0l&rsquo;hyper-information et de la communication instantan\u00e9e\u00a0\u00bb, \u00ab\u00a0le temps est venu\u00a0\u00bb pour la communication judiciaire d'\u00a0\u00bb\u00e9voluer\u00a0\u00bb, estime-t-il.<\/p>\n<p class=\"mb-4 text-lg md:leading-8 break-words\">Parmi les \u00ab\u00a0pistes\u00a0\u00bb, Peimane Ghaleh-Marzban envisage de g\u00e9n\u00e9raliser les communiqu\u00e9s dans les affaires les plus importantes et d&rsquo;instituer des \u00ab\u00a0porte-paroles de la juridiction, qui seront des p\u00e9dagogues de la d\u00e9cision\u00a0\u00bb.<\/p>\n<p class=\"mb-4 text-lg md:leading-8 break-words\">Ces derniers \u00ab\u00a0n&rsquo;auraient \u00e9videmment pas particip\u00e9 \u00e0 la d\u00e9lib\u00e9ration, mais auraient (&#8230;) toute qualit\u00e9 pour en expliquer les termes, sans en ajouter ni retrancher\u00a0\u00bb, a d\u00e9crit le pr\u00e9sident du tribunal.<\/p>\n<p class=\"mb-4 text-lg md:leading-8 break-words\">amd\/cal\/dsa<\/p>\n","protected":false},"excerpt":{"rendered":"\u00c0 l&rsquo;occasion de son installation officielle, le nouveau pr\u00e9sident du tribunal judiciaire de Paris, Peimane Ghaleh-Marzban, a appel\u00e9&hellip;\n","protected":false},"author":2,"featured_media":426608,"comment_status":"","ping_status":"","sticky":false,"template":"","format":"standard","meta":{"footnotes":""},"categories":[1888],"tags":[1111,1928,11,1927,55536,6656,55535,1777,674,1011,27,12258,12,1926,3091,626,1925,55534,25,4595],"class_list":{"0":"post-426607","1":"post","2":"type-post","3":"status-publish","4":"format-standard","5":"has-post-thumbnail","7":"category-paris","8":"tag-actu","9":"tag-actu-paris","10":"tag-actualites","11":"tag-actualites-paris","12":"tag-audience-de-rentree","13":"tag-bobigny","14":"tag-decisions-de-justice","15":"tag-eu","16":"tag-europe","17":"tag-fr","18":"tag-france","19":"tag-maire-de-paris","20":"tag-news","21":"tag-news-paris","22":"tag-nicolas-sarkozy","23":"tag-paris","24":"tag-paris-news","25":"tag-president-du-tribunal","26":"tag-republique-francaise","27":"tag-tribunal-de-paris"},"share_on_mastodon":{"url":"https:\/\/pubeurope.com\/@fr\/115288768769781368","error":""},"_links":{"self":[{"href":"https:\/\/www.europesays.com\/fr\/wp-json\/wp\/v2\/posts\/426607","targetHints":{"allow":["GET"]}}],"collection":[{"href":"https:\/\/www.europesays.com\/fr\/wp-json\/wp\/v2\/posts"}],"about":[{"href":"https:\/\/www.europesays.com\/fr\/wp-json\/wp\/v2\/types\/post"}],"author":[{"embeddable":true,"href":"https:\/\/www.europesays.com\/fr\/wp-json\/wp\/v2\/users\/2"}],"replies":[{"embeddable":true,"href":"https:\/\/www.europesays.com\/fr\/wp-json\/wp\/v2\/comments?post=426607"}],"version-history":[{"count":0,"href":"https:\/\/www.europesays.com\/fr\/wp-json\/wp\/v2\/posts\/426607\/revisions"}],"wp:featuredmedia":[{"embeddable":true,"href":"https:\/\/www.europesays.com\/fr\/wp-json\/wp\/v2\/media\/426608"}],"wp:attachment":[{"href":"https:\/\/www.europesays.com\/fr\/wp-json\/wp\/v2\/media?parent=426607"}],"wp:term":[{"taxonomy":"category","embeddable":true,"href":"https:\/\/www.europesays.com\/fr\/wp-json\/wp\/v2\/categories?post=426607"},{"taxonomy":"post_tag","embeddable":true,"href":"https:\/\/www.europesays.com\/fr\/wp-json\/wp\/v2\/tags?post=426607"}],"curies":[{"name":"wp","href":"https:\/\/api.w.org\/{rel}","templated":true}]}}