{"id":426611,"date":"2025-09-29T17:30:14","date_gmt":"2025-09-29T17:30:14","guid":{"rendered":"https:\/\/www.europesays.com\/fr\/426611\/"},"modified":"2025-09-29T17:30:14","modified_gmt":"2025-09-29T17:30:14","slug":"diner-etoile-frais-de-pressing-coiffeur-apres-anne-hidalgo-le-maire-du-18e-arrondissement-de-paris-epingle-pour-ses-notes-de-frais","status":"publish","type":"post","link":"https:\/\/www.europesays.com\/fr\/426611\/","title":{"rendered":"D\u00eener \u00e9toil\u00e9, frais de pressing, coiffeur&#8230; Apr\u00e8s Anne Hidalgo, le maire du 18e\u00a0arrondissement de Paris \u00e9pingl\u00e9 pour ses notes de frais"},"content":{"rendered":"<p>\u00c9lu en 2014 puis r\u00e9\u00e9lu en 2020, Eric Lejoindre est point\u00e9 du doigt pour ses frais de repr\u00e9sentation jug\u00e9s dispendieux. Des \u00abaccusations orchest\u00e9es par la droite parisienne\u00bb selon son entourage.<\/p>\n<p class=\"fig-paragraph\">C\u2019est une affaire qui embarrasse autant qu\u2019elle questionne. Apr\u00e8s la s\u00e9quence anim\u00e9e qui a r\u00e9cemment secou\u00e9 l\u2019H\u00f4tel de Ville au sujet\u00a0<a href=\"http:\/\/www.lefigaro.fr\/conjoncture\/a-t-elle-besoin-d-un-manteau-burberry-pour-exercer-son-mandat-les-frais-de-representation-d-anne-hidalgo-font-enrager-salaries-et-entrepreneurs-20250919\" data-fig-type=\"Article\" data-gtm-custom-categorie=\"navigation\" data-gtm-custom-action=\"crossclick\" data-gtm-custom-label=\"Contextuel\" data-gtm-event=\"customEventSPE\" data-fig-domain=\"LEFIGARO\" target=\"_blank\" rel=\"noopener\">des notes de frais de la maire de Paris Anne Hidalgo<\/a>, s\u2019ouvre d\u00e9sormais celle des frais de repr\u00e9sentation du maire du 18e arrondissement Eric Lejoindre. \u00c9lu depuis plus d\u2019une d\u00e9cennie, install\u00e9 en famille dans le quartier de la Chapelle, l\u2019\u00e9dile n\u2019avait jusqu\u2019\u00e0 pr\u00e9sent pas l\u2019habitude d\u2019\u00eatre au c\u0153ur des pol\u00e9miques. Mais c\u2019\u00e9tait sans compter sur Enzo Morel, \u00e0 la t\u00eate du mouvement citoyen Saccage Paris, qui a r\u00e9clam\u00e9 les notes de frais du maire socialiste. Sans succ\u00e8s. Il lui faudra finalement saisir la Commission d\u2019acc\u00e8s aux documents administratifs (CADA) &#8211; dont l\u2019objectif est de faciliter l\u2019acc\u00e8s des particuliers aux documents administratifs &#8211; pour les obtenir.<\/p>\n<p class=\"fig-paragraph\">Dans ces documents, que Le Figaro a pu consulter, se trouve la liste de toutes les d\u00e9penses r\u00e9alis\u00e9es par Eric Lejoindre depuis sa r\u00e9\u00e9lection en 2020 jusqu\u2019\u00e0 2024, rembours\u00e9es au titre des frais de\u2026<\/p>\n<p class=\"fig-premium-paywall__infos\">\n        Cet article est r\u00e9serv\u00e9 aux abonn\u00e9s.        Il vous reste 84% \u00e0 d\u00e9couvrir.\n    <\/p>\n<p>                <img  data- alt=\"Le Figaro\" class=\"fig-img--complete fig-img\"\/><\/p>\n<p class=\"fig-premium-paywall__title\">Vous avez envie de lire la suite ?<\/p>\n<p class=\"fig-premium-paywall__subtitle\">D\u00e9bloquez tous les articles imm\u00e9diatement.<\/p>\n<p class=\"fig-premium-paywall__connect\">\n                D\u00e9j\u00e0 abonn\u00e9\u00a0?                <a class=\"fig-premium-paywall__connect-link\" href=\"https:\/\/connect.lefigaro.fr\/login?client=horizon_web&amp;type=main&amp;redirect_uri=https%3A%2F%2Fwww.lefigaro.fr%2Fconjoncture%2Fdiner-etoile-frais-de-pressing-coiffeur-apres-anne-hidalgo-le-maire-du-18e-arrondissement-de-paris-epingle-pour-ses-notes-de-frais-20250929\" data-js-gtm=\"{&quot;customCategorie&quot;: &quot;conversion&quot;, &quot;customAction&quot;: &quot;before_Landing_Connexion_paywall_auto&quot;, &quot;customLabel&quot;: &quot;bGVmaWdhcm8uZnJfXzFmMDlkMzExLWQ2ZTYtNmJlOC1iMjQ1LWViNDBmMmI2NGI3OV9fTmV3c0ZsYXNo_D\u00eener \u00e9toil\u00e9, frais de pressing, coiffeur... Apr\u00e8s Anne Hidalgo, le maire du 18e\u00a0arrondissement de Paris \u00e9pingl\u00e9 pour ses notes de frais_197&quot;, &quot;customIDSPE&quot;: &quot;bGVmaWdhcm8uZnJfXzFmMDlkMzExLWQ2ZTYtNmJlOC1iMjQ1LWViNDBmMmI2NGI3OV9fTmV3c0ZsYXNo&quot;, &quot;event&quot;: &quot;customEventSPE&quot;}\" target=\"_blank\" rel=\"noopener\"><br \/>\n                    Connectez-vous<br \/>\n                <\/a>\n            <\/p>\n","protected":false},"excerpt":{"rendered":"\u00c9lu en 2014 puis r\u00e9\u00e9lu en 2020, Eric Lejoindre est point\u00e9 du doigt pour ses frais de repr\u00e9sentation&hellip;\n","protected":false},"author":2,"featured_media":426612,"comment_status":"","ping_status":"","sticky":false,"template":"","format":"standard","meta":{"footnotes":""},"categories":[1888],"tags":[11,2618,1777,674,1011,27,12,626,316,25],"class_list":{"0":"post-426611","1":"post","2":"type-post","3":"status-publish","4":"format-standard","5":"has-post-thumbnail","7":"category-paris","8":"tag-actualites","9":"tag-anne-hidalgo","10":"tag-eu","11":"tag-europe","12":"tag-fr","13":"tag-france","14":"tag-news","15":"tag-paris","16":"tag-politique","17":"tag-republique-francaise"},"share_on_mastodon":{"url":"https:\/\/pubeurope.com\/@fr\/115288776741369029","error":""},"_links":{"self":[{"href":"https:\/\/www.europesays.com\/fr\/wp-json\/wp\/v2\/posts\/426611","targetHints":{"allow":["GET"]}}],"collection":[{"href":"https:\/\/www.europesays.com\/fr\/wp-json\/wp\/v2\/posts"}],"about":[{"href":"https:\/\/www.europesays.com\/fr\/wp-json\/wp\/v2\/types\/post"}],"author":[{"embeddable":true,"href":"https:\/\/www.europesays.com\/fr\/wp-json\/wp\/v2\/users\/2"}],"replies":[{"embeddable":true,"href":"https:\/\/www.europesays.com\/fr\/wp-json\/wp\/v2\/comments?post=426611"}],"version-history":[{"count":0,"href":"https:\/\/www.europesays.com\/fr\/wp-json\/wp\/v2\/posts\/426611\/revisions"}],"wp:featuredmedia":[{"embeddable":true,"href":"https:\/\/www.europesays.com\/fr\/wp-json\/wp\/v2\/media\/426612"}],"wp:attachment":[{"href":"https:\/\/www.europesays.com\/fr\/wp-json\/wp\/v2\/media?parent=426611"}],"wp:term":[{"taxonomy":"category","embeddable":true,"href":"https:\/\/www.europesays.com\/fr\/wp-json\/wp\/v2\/categories?post=426611"},{"taxonomy":"post_tag","embeddable":true,"href":"https:\/\/www.europesays.com\/fr\/wp-json\/wp\/v2\/tags?post=426611"}],"curies":[{"name":"wp","href":"https:\/\/api.w.org\/{rel}","templated":true}]}}