{"id":426615,"date":"2025-09-29T17:32:11","date_gmt":"2025-09-29T17:32:11","guid":{"rendered":"https:\/\/www.europesays.com\/fr\/426615\/"},"modified":"2025-09-29T17:32:11","modified_gmt":"2025-09-29T17:32:11","slug":"lukraine-espere-recevoir-des-missiles-tomahawk-pour-accroitre-la-pression-sur-la-russie","status":"publish","type":"post","link":"https:\/\/www.europesays.com\/fr\/426615\/","title":{"rendered":"L\u2019Ukraine esp\u00e8re recevoir des missiles Tomahawk pour accro\u00eetre la pression sur la Russie"},"content":{"rendered":"<p><strong>D\u00c9CRYPTAGE &#8211;<\/strong> Le vice-pr\u00e9sident am\u00e9ricain JD Vance a dit \u00e9tudier la fourniture de ces missiles de longue port\u00e9e.<\/p>\n<p class=\"fig-paragraph\">Nouveau revirement de Donald Trump en faveur de l\u2019Ukraine ou nouvel avertissement adress\u00e9 \u00e0 la Russie\u00a0? Apr\u00e8s avoir critiqu\u00e9 l\u2019ann\u00e9e derni\u00e8re la d\u00e9cision de son pr\u00e9d\u00e9cesseur Joe Biden d\u2019autoriser l\u2019Ukraine \u00e0 frapper la Russie sur son territoire, le pr\u00e9sident am\u00e9ricain pourrait\u00a0<a href=\"http:\/\/www.lefigaro.fr\/international\/guerre-en-ukraine-pourquoi-financer-des-armes-via-l-otan-pose-probleme-20250711\" target=\"_blank\" data-fig-type=\"Article\" rel=\"noopener\" data-gtm-custom-categorie=\"navigation\" data-gtm-custom-action=\"crossclick\" data-gtm-custom-label=\"Contextuel\" data-gtm-event=\"customEventSPE\" data-fig-domain=\"LEFIGARO\">accepter de fournir \u00e0 Kiev<\/a>\u00a0des missiles Tomahawk \u00e0 condition qu\u2019ils soient achet\u00e9s par les Europ\u00e9ens. \u00ab\u00a0Nous y r\u00e9fl\u00e9chissons\u00a0\u00bb,\u00a0<a href=\"http:\/\/www.lefigaro.fr\/international\/guerre-en-ukraine-les-etats-unis-reflechissent-a-l-envoi-de-missiles-a-longue-portee-tomahawk-20250929\" target=\"_blank\" data-fig-type=\"NewsFlash\" rel=\"noopener\" data-gtm-custom-categorie=\"navigation\" data-gtm-custom-action=\"crossclick\" data-gtm-custom-label=\"Contextuel\" data-gtm-event=\"customEventSPE\" data-fig-domain=\"LEFIGARO\">a d\u00e9clar\u00e9 lundi le vice-pr\u00e9sident JD Vance<\/a>, sur Fox News, en pr\u00e9cisant que le pr\u00e9sident prendrait \u00ab\u00a0la d\u00e9cision finale\u00a0\u00bb dans \u00ab\u00a0l\u2019int\u00e9r\u00eat sup\u00e9rieur des \u00c9tats-Unis\u00a0\u00bb. Son \u00e9missaire pour l\u2019Ukraine, Keith Kellogg, s\u2019est montr\u00e9 moins \u00e9vasif. \u00ab\u00a0Il n\u2019existe pas de sanctuaires\u00a0\u00bb en Russie, a-t-il d\u00e9clar\u00e9. \u00ab\u00a0Utilisez la capacit\u00e9 de frapper en profondeur\u00a0\u00bb, a-t-il dit sur la m\u00eame cha\u00eene de t\u00e9l\u00e9vision. Mais ces d\u00e9clarations seront-elles suivies d\u2019effet\u00a0?<\/p>\n<p class=\"fig-paragraph\">Plus de trois ans et demi apr\u00e8s le d\u00e9but de la guerre, l\u2019issue du conflit ne se trouvera pas sur la ligne de front\u2026<\/p>\n<p class=\"fig-premium-paywall__infos\">\n        Cet article est r\u00e9serv\u00e9 aux abonn\u00e9s.        Il vous reste 80% \u00e0 d\u00e9couvrir.\n    <\/p>\n<p>                <img  data- alt=\"Le Figaro\" class=\"fig-img--complete fig-img\"\/><\/p>\n<p class=\"fig-premium-paywall__title\">Vous avez envie de lire la suite ?<\/p>\n<p class=\"fig-premium-paywall__subtitle\">D\u00e9bloquez tous les articles imm\u00e9diatement.<\/p>\n<p class=\"fig-premium-paywall__connect\">\n                D\u00e9j\u00e0 abonn\u00e9\u00a0?                <a class=\"fig-premium-paywall__connect-link\" href=\"https:\/\/connect.lefigaro.fr\/login?client=horizon_web&amp;type=main&amp;redirect_uri=https%3A%2F%2Fwww.lefigaro.fr%2Finternational%2Fl-ukraine-espere-recevoir-des-missiles-tomahawk-pour-accroitre-la-pression-sur-la-russie-20250929\" data-js-gtm=\"{&quot;customCategorie&quot;: &quot;conversion&quot;, &quot;customAction&quot;: &quot;before_Landing_Connexion_paywall_auto&quot;, &quot;customLabel&quot;: &quot;bGVmaWdhcm8uZnJfXzFmMDlkNDQxLTE2NWItNjU2ZS1iZTg5LTcxMTdlYjNlYzNhNF9fQXJ0aWNsZQ==_L\u2019Ukraine esp\u00e8re recevoir des missiles Tomahawk pour accro\u00eetre la pression sur la Russie_111&quot;, &quot;customIDSPE&quot;: &quot;bGVmaWdhcm8uZnJfXzFmMDlkNDQxLTE2NWItNjU2ZS1iZTg5LTcxMTdlYjNlYzNhNF9fQXJ0aWNsZQ==&quot;, &quot;event&quot;: &quot;customEventSPE&quot;}\" target=\"_blank\" rel=\"noopener\"><br \/>\n                    Connectez-vous<br \/>\n                <\/a>\n            <\/p>\n","protected":false},"excerpt":{"rendered":"D\u00c9CRYPTAGE &#8211; Le vice-pr\u00e9sident am\u00e9ricain JD Vance a dit \u00e9tudier la fourniture de ces missiles de longue port\u00e9e.&hellip;\n","protected":false},"author":2,"featured_media":426616,"comment_status":"","ping_status":"","sticky":false,"template":"","format":"standard","meta":{"footnotes":""},"categories":[1590],"tags":[11,554,1777,674,8908,12,220],"class_list":{"0":"post-426615","1":"post","2":"type-post","3":"status-publish","4":"format-standard","5":"has-post-thumbnail","7":"category-ukraine","8":"tag-actualites","9":"tag-defense","10":"tag-eu","11":"tag-europe","12":"tag-missiles","13":"tag-news","14":"tag-ukraine"},"share_on_mastodon":{"url":"https:\/\/pubeurope.com\/@fr\/115288784570173489","error":""},"_links":{"self":[{"href":"https:\/\/www.europesays.com\/fr\/wp-json\/wp\/v2\/posts\/426615","targetHints":{"allow":["GET"]}}],"collection":[{"href":"https:\/\/www.europesays.com\/fr\/wp-json\/wp\/v2\/posts"}],"about":[{"href":"https:\/\/www.europesays.com\/fr\/wp-json\/wp\/v2\/types\/post"}],"author":[{"embeddable":true,"href":"https:\/\/www.europesays.com\/fr\/wp-json\/wp\/v2\/users\/2"}],"replies":[{"embeddable":true,"href":"https:\/\/www.europesays.com\/fr\/wp-json\/wp\/v2\/comments?post=426615"}],"version-history":[{"count":0,"href":"https:\/\/www.europesays.com\/fr\/wp-json\/wp\/v2\/posts\/426615\/revisions"}],"wp:featuredmedia":[{"embeddable":true,"href":"https:\/\/www.europesays.com\/fr\/wp-json\/wp\/v2\/media\/426616"}],"wp:attachment":[{"href":"https:\/\/www.europesays.com\/fr\/wp-json\/wp\/v2\/media?parent=426615"}],"wp:term":[{"taxonomy":"category","embeddable":true,"href":"https:\/\/www.europesays.com\/fr\/wp-json\/wp\/v2\/categories?post=426615"},{"taxonomy":"post_tag","embeddable":true,"href":"https:\/\/www.europesays.com\/fr\/wp-json\/wp\/v2\/tags?post=426615"}],"curies":[{"name":"wp","href":"https:\/\/api.w.org\/{rel}","templated":true}]}}