{"id":426617,"date":"2025-09-29T17:33:12","date_gmt":"2025-09-29T17:33:12","guid":{"rendered":"https:\/\/www.europesays.com\/fr\/426617\/"},"modified":"2025-09-29T17:33:12","modified_gmt":"2025-09-29T17:33:12","slug":"berne-la-suisse-et-les-etats-unis-verrouillent-leurs-regles-monetaires","status":"publish","type":"post","link":"https:\/\/www.europesays.com\/fr\/426617\/","title":{"rendered":"Berne. La Suisse et les \u00c9tats-Unis verrouillent leurs r\u00e8gles mon\u00e9taires"},"content":{"rendered":"<p>La Suisse et les \u00c9tats-Unis ont sign\u00e9 une d\u00e9claration commune, ce lundi 29\u00a0septembre, sur les questions macro\u00e9conomiques, notamment les taux de change. Les deux pays s\u2019engagent \u00e0 ne pas manipuler leur monnaie pour doper artificiellement leur comp\u00e9titivit\u00e9, conform\u00e9ment aux principes du Fonds mon\u00e9taire international. La Banque nationale suisse\u00a0garde toutefois la possibilit\u00e9 d\u2019intervenir pour assurer la stabilit\u00e9 des prix.<\/p>\n","protected":false},"excerpt":{"rendered":"La Suisse et les \u00c9tats-Unis ont sign\u00e9 une d\u00e9claration commune, ce lundi 29\u00a0septembre, sur les questions macro\u00e9conomiques, notamment&hellip;\n","protected":false},"author":2,"featured_media":426618,"comment_status":"","ping_status":"","sticky":false,"template":"","format":"standard","meta":{"footnotes":""},"categories":[1589],"tags":[11,4634,4636,4406,130,33,4637,73,1866,3183,10382,4638,12,316,2922,1864,1865,1863,308],"class_list":{"0":"post-426617","1":"post","2":"type-post","3":"status-publish","4":"format-standard","5":"has-post-thumbnail","7":"category-etats-unis","8":"tag-actualites","9":"tag-annemasse","10":"tag-annemasse-bassin","11":"tag-commerce-et-services","12":"tag-consommation","13":"tag-economie","14":"tag-edition-grand-geneve-chablais-ain","15":"tag-etats-unis","16":"tag-etats-unis-damerique","17":"tag-finance-et-fiscalite","18":"tag-frontaliers","19":"tag-haute-savoie","20":"tag-news","21":"tag-politique","22":"tag-pouvoir-dachat","23":"tag-united-states","24":"tag-united-states-of-america","25":"tag-us","26":"tag-usa"},"share_on_mastodon":{"url":"https:\/\/pubeurope.com\/@fr\/115288788550185073","error":""},"_links":{"self":[{"href":"https:\/\/www.europesays.com\/fr\/wp-json\/wp\/v2\/posts\/426617","targetHints":{"allow":["GET"]}}],"collection":[{"href":"https:\/\/www.europesays.com\/fr\/wp-json\/wp\/v2\/posts"}],"about":[{"href":"https:\/\/www.europesays.com\/fr\/wp-json\/wp\/v2\/types\/post"}],"author":[{"embeddable":true,"href":"https:\/\/www.europesays.com\/fr\/wp-json\/wp\/v2\/users\/2"}],"replies":[{"embeddable":true,"href":"https:\/\/www.europesays.com\/fr\/wp-json\/wp\/v2\/comments?post=426617"}],"version-history":[{"count":0,"href":"https:\/\/www.europesays.com\/fr\/wp-json\/wp\/v2\/posts\/426617\/revisions"}],"wp:featuredmedia":[{"embeddable":true,"href":"https:\/\/www.europesays.com\/fr\/wp-json\/wp\/v2\/media\/426618"}],"wp:attachment":[{"href":"https:\/\/www.europesays.com\/fr\/wp-json\/wp\/v2\/media?parent=426617"}],"wp:term":[{"taxonomy":"category","embeddable":true,"href":"https:\/\/www.europesays.com\/fr\/wp-json\/wp\/v2\/categories?post=426617"},{"taxonomy":"post_tag","embeddable":true,"href":"https:\/\/www.europesays.com\/fr\/wp-json\/wp\/v2\/tags?post=426617"}],"curies":[{"name":"wp","href":"https:\/\/api.w.org\/{rel}","templated":true}]}}