{"id":426619,"date":"2025-09-29T17:34:11","date_gmt":"2025-09-29T17:34:11","guid":{"rendered":"https:\/\/www.europesays.com\/fr\/426619\/"},"modified":"2025-09-29T17:34:11","modified_gmt":"2025-09-29T17:34:11","slug":"au-royaume-uni-les-migrants-devront-contribuer-a-la-societe-du-pays-pour-etre-autorises-a-rester","status":"publish","type":"post","link":"https:\/\/www.europesays.com\/fr\/426619\/","title":{"rendered":"Au Royaume-Uni, les migrants devront contribuer \u00e0 la soci\u00e9t\u00e9 du pays pour \u00eatre autoris\u00e9s \u00e0 rester"},"content":{"rendered":"<p>Pour tenter de contrer la mont\u00e9e en puissance du parti anti-immigration Reform UK, le gouvernement travailliste multiplie les annonces sur le front de l\u2019immigration.<\/p>\n<p class=\"fig-paragraph\">Envoy\u00e9 sp\u00e9cial \u00e0 Liverpool\u00a0<\/p>\n<p class=\"fig-paragraph\">Devant la mont\u00e9e en puissance continue de Reform UK, le parti de Nigel Farage, le gouvernement travailliste tente de passer la vitesse sup\u00e9rieure dans\u00a0<a href=\"http:\/\/www.lefigaro.fr\/vox\/societe\/en-s-attaquant-au-regroupement-familial-le-gouvernement-britannique-tente-de-reprendre-la-main-sur-le-sujet-brulant-de-l-immigration-20250902\" data-fig-type=\"Article\" data-gtm-custom-categorie=\"navigation\" data-gtm-custom-action=\"crossclick\" data-gtm-custom-label=\"Contextuel\" data-gtm-event=\"customEventSPE\" data-fig-domain=\"LEFIGARO\" target=\"_blank\" rel=\"noopener\">le contr\u00f4le de l\u2019immigration<\/a>. Au congr\u00e8s annuel du Labour, qui se tient jusqu\u2019\u00e0 mercredi \u00e0 Liverpool, la ministre de l\u2019Int\u00e9rieur a annonc\u00e9 qu\u2019un nouveau durcissement \u00e9tait \u00e0 l\u2019\u00e9tude. Pour \u00eatre autoris\u00e9s \u00e0 rester, les migrants devront notamment contribuer \u00e0 la soci\u00e9t\u00e9 et \u00e0 l\u2019\u00e9conomie du pays.<\/p>\n<p class=\"fig-paragraph\">Cette fois-ci, c\u2019est aux r\u00e8gles d\u2019installation permanente des migrants que s\u2019attaque le gouvernement de Keir Starmer, par la voix de la patronne du Home Office, Shabana Mahmood. Pour \u00eatre autoris\u00e9s \u00e0 rester, ils devront prouver qu\u2019ils sont de bons citoyens, contribuant \u00e0 la soci\u00e9t\u00e9 britannique. Les migrants devront notamment avoir un emploi, cotiser \u00e0 la s\u00e9curit\u00e9 sociale, \u00ab ne pas toucher un centime d\u2019allocations\u00a0\u00bb, avoir un bon niveau d\u2019anglais, ne pas avoir de casier judiciaire et faire du b\u00e9n\u00e9volat pour une cause locale\u2026<\/p>\n<p class=\"fig-premium-paywall__infos\">\n        Cet article est r\u00e9serv\u00e9 aux abonn\u00e9s.        Il vous reste 76% \u00e0 d\u00e9couvrir.\n    <\/p>\n<p>                <img  data- alt=\"Le Figaro\" class=\"fig-img--complete fig-img\"\/><\/p>\n<p class=\"fig-premium-paywall__title\">Vous avez envie de lire la suite ?<\/p>\n<p class=\"fig-premium-paywall__subtitle\">D\u00e9bloquez tous les articles imm\u00e9diatement.<\/p>\n<p class=\"fig-premium-paywall__connect\">\n                D\u00e9j\u00e0 abonn\u00e9\u00a0?                <a class=\"fig-premium-paywall__connect-link\" href=\"https:\/\/connect.lefigaro.fr\/login?client=horizon_web&amp;type=main&amp;redirect_uri=https%3A%2F%2Fwww.lefigaro.fr%2Finternational%2Fau-royaume-uni-les-migrants-devront-contribuer-a-la-societe-du-pays-pour-etre-autorises-a-rester-20250929\" data-js-gtm=\"{&quot;customCategorie&quot;: &quot;conversion&quot;, &quot;customAction&quot;: &quot;before_Landing_Connexion_paywall_auto&quot;, &quot;customLabel&quot;: &quot;bGVmaWdhcm8uZnJfXzFmMDlkNTExLTgxOTItNmU5Yy1iNDIyLWVkYWY1MGJhZDdhZF9fQXJ0aWNsZQ==_Au Royaume-Uni, les migrants devront contribuer \u00e0 la soci\u00e9t\u00e9 du pays pour \u00eatre autoris\u00e9s \u00e0 rester_530&quot;, &quot;customIDSPE&quot;: &quot;bGVmaWdhcm8uZnJfXzFmMDlkNTExLTgxOTItNmU5Yy1iNDIyLWVkYWY1MGJhZDdhZF9fQXJ0aWNsZQ==&quot;, &quot;event&quot;: &quot;customEventSPE&quot;}\" target=\"_blank\" rel=\"noopener\"><br \/>\n                    Connectez-vous<br \/>\n                <\/a>\n            <\/p>\n","protected":false},"excerpt":{"rendered":"Pour tenter de contrer la mont\u00e9e en puissance du parti anti-immigration Reform UK, le gouvernement travailliste multiplie les&hellip;\n","protected":false},"author":2,"featured_media":426620,"comment_status":"","ping_status":"","sticky":false,"template":"","format":"standard","meta":{"footnotes":""},"categories":[1588],"tags":[11,1777,674,1061,16716,12,473,1853,1851,1850,1852],"class_list":{"0":"post-426619","1":"post","2":"type-post","3":"status-publish","4":"format-standard","5":"has-post-thumbnail","7":"category-royaume-uni","8":"tag-actualites","9":"tag-eu","10":"tag-europe","11":"tag-immigration","12":"tag-labour","13":"tag-news","14":"tag-royaume-uni","15":"tag-royaume-uni-de-grande-bretagne-et-dirlande-du-nord","16":"tag-uk","17":"tag-united-kingdom","18":"tag-united-kingdom-of-great-britain-and-northern-ireland"},"share_on_mastodon":{"url":"https:\/\/pubeurope.com\/@fr\/115288792925852326","error":""},"_links":{"self":[{"href":"https:\/\/www.europesays.com\/fr\/wp-json\/wp\/v2\/posts\/426619","targetHints":{"allow":["GET"]}}],"collection":[{"href":"https:\/\/www.europesays.com\/fr\/wp-json\/wp\/v2\/posts"}],"about":[{"href":"https:\/\/www.europesays.com\/fr\/wp-json\/wp\/v2\/types\/post"}],"author":[{"embeddable":true,"href":"https:\/\/www.europesays.com\/fr\/wp-json\/wp\/v2\/users\/2"}],"replies":[{"embeddable":true,"href":"https:\/\/www.europesays.com\/fr\/wp-json\/wp\/v2\/comments?post=426619"}],"version-history":[{"count":0,"href":"https:\/\/www.europesays.com\/fr\/wp-json\/wp\/v2\/posts\/426619\/revisions"}],"wp:featuredmedia":[{"embeddable":true,"href":"https:\/\/www.europesays.com\/fr\/wp-json\/wp\/v2\/media\/426620"}],"wp:attachment":[{"href":"https:\/\/www.europesays.com\/fr\/wp-json\/wp\/v2\/media?parent=426619"}],"wp:term":[{"taxonomy":"category","embeddable":true,"href":"https:\/\/www.europesays.com\/fr\/wp-json\/wp\/v2\/categories?post=426619"},{"taxonomy":"post_tag","embeddable":true,"href":"https:\/\/www.europesays.com\/fr\/wp-json\/wp\/v2\/tags?post=426619"}],"curies":[{"name":"wp","href":"https:\/\/api.w.org\/{rel}","templated":true}]}}