{"id":426623,"date":"2025-09-29T17:36:12","date_gmt":"2025-09-29T17:36:12","guid":{"rendered":"https:\/\/www.europesays.com\/fr\/426623\/"},"modified":"2025-09-29T17:36:12","modified_gmt":"2025-09-29T17:36:12","slug":"apres-les-elections-legislatives-la-moldavie-devient-un-symbole-de-leurope-face-a-moscou-liberation","status":"publish","type":"post","link":"https:\/\/www.europesays.com\/fr\/426623\/","title":{"rendered":"Apr\u00e8s les \u00e9lections l\u00e9gislatives, la Moldavie devient un symbole de l\u2019Europe face \u00e0 Moscou \u2013 Lib\u00e9ration"},"content":{"rendered":"<p class=\"sc-cPiKLX AiZTS text-element\">Le chemin europ\u00e9en parcouru par <a href=\"https:\/\/www.liberation.fr\/tags\/moldavie\/\" target=\"_blank\" rel=\"noreferrer noopener\" title=\"https:\/\/www.liberation.fr\/tags\/moldavie\/\">la Moldavie<\/a> est fascinant. Il y a encore cinq ans, le petit pays \u2013 pauvre, enclav\u00e9, aux prises avec la corruption et avec <a href=\"https:\/\/www.liberation.fr\/international\/europe\/moldavie-en-transnistrie-prorusse-toute-tentative-de-faire-valoir-ses-droits-se-solde-par-lemprisonnement-20241013_TRMKTERXKFAUVK7MRLAJRZ7ZL4\/\" target=\"_blank\" rel=\"noopener\">une r\u00e9gion s\u00e9paratiste<\/a> \u00e0 la solde de Moscou \u2013 n\u2019int\u00e9ressait pas grand monde. Aujourd\u2019hui, il porte les espoirs d\u2019un \u00e9largissement de l\u2019Union europ\u00e9enne et se retrouve principal champ d\u2019affrontement entre l\u2019Europe et <a href=\"https:\/\/www.liberation.fr\/tags\/russie\/\" target=\"_blank\" rel=\"noreferrer noopener\" title=\"https:\/\/www.liberation.fr\/tags\/russie\/\">la Russie<\/a>. <\/p>\n<p class=\"sc-cPiKLX AiZTS text-element\">Ce week-end, lors des \u00e9lections l\u00e9gislatives, le camp pro-europ\u00e9en a remport\u00e9 une nouvelle manche, malgr\u00e9 l\u2019ing\u00e9rence russe et l\u2019usure du pouvoir. Le Parti action et solidarit\u00e9 (PAS) de la pr\u00e9sidente <a href=\"https:\/\/www.liberation.fr\/international\/europe\/election-en-moldavie-la-presidente-maia-sandu-tient-son-cap-europeen-20241018_COJCFECLX5EAFJQC6TKGMBTUDM\/\" target=\"_blank\" rel=\"noopener\">Maia Sandu<\/a> a remport\u00e9 50,2 % des voix et une majorit\u00e9 absolue au Parlement. <\/p>\n<p class=\"sc-cPiKLX AiZTS text-element\">Il faut bien mesurer cette performance : dans un pays o\u00f9 il est rare qu\u2019un parti obtienne \u00e0 lui seul une majorit\u00e9, le PAS r\u00e9\u00e9dite quasiment son score de 2021 <\/p>\n","protected":false},"excerpt":{"rendered":"Le chemin europ\u00e9en parcouru par la Moldavie est fascinant. Il y a encore cinq ans, le petit pays&hellip;\n","protected":false},"author":2,"featured_media":426624,"comment_status":"","ping_status":"","sticky":false,"template":"","format":"standard","meta":{"footnotes":""},"categories":[1586],"tags":[11,413,1777,674,1011,27,44388,11095,12,25,132,364],"class_list":{"0":"post-426623","1":"post","2":"type-post","3":"status-publish","4":"format-standard","5":"has-post-thumbnail","7":"category-europe","8":"tag-actualites","9":"tag-ca-va-mieux-lisant","10":"tag-eu","11":"tag-europe","12":"tag-fr","13":"tag-france","14":"tag-maia-sandu","15":"tag-moldavie","16":"tag-news","17":"tag-republique-francaise","18":"tag-russie","19":"tag-union-europeenne"},"share_on_mastodon":{"url":"https:\/\/pubeurope.com\/@fr\/115288800217195767","error":""},"_links":{"self":[{"href":"https:\/\/www.europesays.com\/fr\/wp-json\/wp\/v2\/posts\/426623","targetHints":{"allow":["GET"]}}],"collection":[{"href":"https:\/\/www.europesays.com\/fr\/wp-json\/wp\/v2\/posts"}],"about":[{"href":"https:\/\/www.europesays.com\/fr\/wp-json\/wp\/v2\/types\/post"}],"author":[{"embeddable":true,"href":"https:\/\/www.europesays.com\/fr\/wp-json\/wp\/v2\/users\/2"}],"replies":[{"embeddable":true,"href":"https:\/\/www.europesays.com\/fr\/wp-json\/wp\/v2\/comments?post=426623"}],"version-history":[{"count":0,"href":"https:\/\/www.europesays.com\/fr\/wp-json\/wp\/v2\/posts\/426623\/revisions"}],"wp:featuredmedia":[{"embeddable":true,"href":"https:\/\/www.europesays.com\/fr\/wp-json\/wp\/v2\/media\/426624"}],"wp:attachment":[{"href":"https:\/\/www.europesays.com\/fr\/wp-json\/wp\/v2\/media?parent=426623"}],"wp:term":[{"taxonomy":"category","embeddable":true,"href":"https:\/\/www.europesays.com\/fr\/wp-json\/wp\/v2\/categories?post=426623"},{"taxonomy":"post_tag","embeddable":true,"href":"https:\/\/www.europesays.com\/fr\/wp-json\/wp\/v2\/tags?post=426623"}],"curies":[{"name":"wp","href":"https:\/\/api.w.org\/{rel}","templated":true}]}}