{"id":426625,"date":"2025-09-29T17:37:11","date_gmt":"2025-09-29T17:37:11","guid":{"rendered":"https:\/\/www.europesays.com\/fr\/426625\/"},"modified":"2025-09-29T17:37:11","modified_gmt":"2025-09-29T17:37:11","slug":"geoblocage-agro-alimentaire-le-benelux-presse-pour-lever-des-barrieres-intra-ue","status":"publish","type":"post","link":"https:\/\/www.europesays.com\/fr\/426625\/","title":{"rendered":"G\u00e9oblocage, agro-alimentaire&#8230; : le Benelux presse pour lever des barri\u00e8res intra-UE"},"content":{"rendered":"<p class=\"ap-StoryElement ap-StoryElement--mb ap-StoryText\">Ce courrier du Benelux a re\u00e7u le soutien, ce lundi au conseil \u00ab\u00a0Comp\u00e9titivit\u00e9\u00a0\u00bb des ministres de l&rsquo;UE, \u00e0 Bruxelles, de plusieurs autres pays comme l&rsquo;Autriche, la Tch\u00e9quie, la Gr\u00e8ce, la Slov\u00e9nie et la Croatie, s&rsquo;est r\u00e9joui le ministre luxembourgeois Lex Delles.<\/p>\n<p class=\"ap-StoryElement ap-StoryElement--mb ap-StoryText\">Le Luxembourg m\u00e8ne depuis pr\u00e8s de 20 ans un combat contre ces restrictions commerciales. Les RTO sont des limitations impos\u00e9es par un fournisseur emp\u00eachant un commer\u00e7ant de s&rsquo;approvisionner librement dans le pays de son choix, o\u00f9 il profiterait de conditions plus favorables. C&rsquo;est le cas du g\u00e9oblocage, mais c&rsquo;est aussi vrai dans la cha\u00eene agro-alimentaire, \u00ab\u00a0o\u00f9 les relations entre les fournisseurs ou les marques de l&rsquo;industrie alimentaire et les grandes alliances d&rsquo;achat peuvent \u00eatre d\u00e9s\u00e9quilibr\u00e9es.\u00a0\u00bb<\/p>\n","protected":false},"excerpt":{"rendered":"Ce courrier du Benelux a re\u00e7u le soutien, ce lundi au conseil \u00ab\u00a0Comp\u00e9titivit\u00e9\u00a0\u00bb des ministres de l&rsquo;UE, \u00e0&hellip;\n","protected":false},"author":2,"featured_media":25030,"comment_status":"","ping_status":"","sticky":false,"template":"","format":"standard","meta":{"footnotes":""},"categories":[1586],"tags":[11,9999,2390,313,1777,674,1779,1011,27,12,25,1778,364],"class_list":{"0":"post-426625","1":"post","2":"type-post","3":"status-publish","4":"format-standard","5":"has-post-thumbnail","7":"category-europe","8":"tag-actualites","9":"tag-belgium","10":"tag-comeuro","11":"tag-entreprises","12":"tag-eu","13":"tag-europe","14":"tag-european-union","15":"tag-fr","16":"tag-france","17":"tag-news","18":"tag-republique-francaise","19":"tag-ue","20":"tag-union-europeenne"},"share_on_mastodon":{"url":"https:\/\/pubeurope.com\/@fr\/115288804223172527","error":""},"_links":{"self":[{"href":"https:\/\/www.europesays.com\/fr\/wp-json\/wp\/v2\/posts\/426625","targetHints":{"allow":["GET"]}}],"collection":[{"href":"https:\/\/www.europesays.com\/fr\/wp-json\/wp\/v2\/posts"}],"about":[{"href":"https:\/\/www.europesays.com\/fr\/wp-json\/wp\/v2\/types\/post"}],"author":[{"embeddable":true,"href":"https:\/\/www.europesays.com\/fr\/wp-json\/wp\/v2\/users\/2"}],"replies":[{"embeddable":true,"href":"https:\/\/www.europesays.com\/fr\/wp-json\/wp\/v2\/comments?post=426625"}],"version-history":[{"count":0,"href":"https:\/\/www.europesays.com\/fr\/wp-json\/wp\/v2\/posts\/426625\/revisions"}],"wp:featuredmedia":[{"embeddable":true,"href":"https:\/\/www.europesays.com\/fr\/wp-json\/wp\/v2\/media\/25030"}],"wp:attachment":[{"href":"https:\/\/www.europesays.com\/fr\/wp-json\/wp\/v2\/media?parent=426625"}],"wp:term":[{"taxonomy":"category","embeddable":true,"href":"https:\/\/www.europesays.com\/fr\/wp-json\/wp\/v2\/categories?post=426625"},{"taxonomy":"post_tag","embeddable":true,"href":"https:\/\/www.europesays.com\/fr\/wp-json\/wp\/v2\/tags?post=426625"}],"curies":[{"name":"wp","href":"https:\/\/api.w.org\/{rel}","templated":true}]}}