{"id":426631,"date":"2025-09-29T17:42:09","date_gmt":"2025-09-29T17:42:09","guid":{"rendered":"https:\/\/www.europesays.com\/fr\/426631\/"},"modified":"2025-09-29T17:42:09","modified_gmt":"2025-09-29T17:42:09","slug":"apres-des-cris-de-singe-lors-dun-match-de-volley-ball-lantillais-yoni-viotty-rose-denonce-la-faiblesse-des-sanctions","status":"publish","type":"post","link":"https:\/\/www.europesays.com\/fr\/426631\/","title":{"rendered":"apr\u00e8s des cris de singe lors d&rsquo;un match de volley-ball, l\u2019Antillais Yoni Viotty Rose d\u00e9nonce la faiblesse des sanctions"},"content":{"rendered":"<p>Joueur de national 3 en r\u00e9gion parisienne, Yoni Viotty Rose a \u00e9t\u00e9 victime d\u2019un acte raciste en plein match en avril dernier. Rapidement identifi\u00e9, l\u2019auteur des cris de singe, un joueur de l\u2019\u00e9quipe adverse, a \u00e9t\u00e9 sanctionn\u00e9 de six mois de suspension, dont trois avec sursis. Une sanction trop faible selon l\u2019Antillais, qui a pris la parole sur les r\u00e9seaux sociaux.<\/p>\n<p>\u00ab\u00a0Quand j\u2019ai vu le proc\u00e8s-verbal, je me suis rendu compte qu\u2019on se moquait totalement de ce qui m\u2019\u00e9tait arriv\u00e9 en donnant trois mois pleins de sanction \u00e0 ce jeune homme pendant les vacances.\u00a0\u00bb Pr\u00e8s de cinq mois apr\u00e8s les faits, l\u2019Antillais Yoni Viotty Rose a d\u00e9cid\u00e9 de briser le silence, et d\u2019exposer au grand jour l\u2019acte de racisme dont il a \u00e9t\u00e9 victime le 27 avril dernier, lors du match de volley-ball opposant son club du CSM Clamart au Molsheim Olympique Club dans l\u2019Est de la France. <strong>\u00ab\u00a0<\/strong>Au moment o\u00f9 j\u2019arrive au service, j\u2019entends des cris de singe sur le banc adversaire, et j\u2019interpelle en disant que les cris de singe \u00e7a ne va pas \u00eatre possible. \u00c0 ce moment, je suis tout de suite soutenu par un supporter pr\u00e9sent en tribune qui dit qu\u2019il peut t\u00e9moigner, et l\u2019arbitre de son c\u00f4t\u00e9, il fait juste rejouer l&rsquo;action, et demande au joueur de Molsheim de se calmer. Et le jeu reprend\u00a0\u00bb, au grand dam de l\u2019Antillais de 35 ans.<\/p>\n<p>Totalement abasourdi par ce qu\u2019il vient de vivre, Yoni Viotty Rose d\u00e9cide alors de quitter le terrain \u00ab\u00a0apr\u00e8s deux ou trois jeux\u00a0\u00bb et c&rsquo;est \u00e0 ce moment que les arbitres d\u00e9cident d\u2019interrompre le match. \u00ab\u00a0C\u2019est hallucinant\u00a0\u00bb, s&rsquo;exclame-t-il. \u00ab\u00a0L\u2019arbitre se d\u00e9fend en disant qu\u2019il avait entendu les cris de singe, mais ne pouvant pas cibler la personne, il ne pouvait pas faire plus. (&#8230;) Avec le recul, je me dis qu\u2019il aurait pu agir et arr\u00eater le match de lui-m\u00eame\u00a0\u00bb, d\u00e9nonce-t-il aujourd&rsquo;hui.<\/p>\n<p>Finalement, l\u2019auteur des cris de singe sera identifi\u00e9 et sanctionn\u00e9 par son club et la f\u00e9d\u00e9ration. \u00c2g\u00e9 de 15 ans, il \u00e9cope de six mois de suspension dont trois avec sursis. Une sanction jug\u00e9e d\u00e9risoire par Yoni Viotty Rose, d\u2019autant qu\u2019une partie de celle-ci s\u2019applique \u00e0 une p\u00e9riode o\u00f9 les clubs amateurs ne disputent aucun match. \u00ab\u00a0C\u2019est lunaire\u2026 [\u2026] En octobre, il pourra reprendre les championnats comme si de rien n\u2019\u00e9tait\u00a0\u00bb, soupire le volleyeur.<\/p>\n<p>Sur les r\u00e9seaux sociaux, l\u2019Antillais a d\u00e9cid\u00e9 de prendre les devants et de pousser un cri d\u2019alarme. \u00ab\u00a0Je ne peux que dire mon indignation ! Une sanction aussi l\u00e9g\u00e8re revient \u00e0 banaliser un acte grave. Comment accepter qu\u2019un geste raciste soit puni de mani\u00e8re aussi d\u00e9risoire, quand le racisme, je le rappelle, est un d\u00e9lit puni par la loi\u00a0?\u00a0\u00bb, s\u2019interroge-t-il dans une lettre ouverte publi\u00e9e sur les r\u00e9seaux sociaux.<\/p>\n<p>Pour d\u00e9fendre son joueur, le club Molsheim Olympique Club a avanc\u00e9 la jeunesse du joueur, 15 ans au moment des faits, et a plaid\u00e9 \u00ab\u00a0l\u2019acte isol\u00e9\u00a0\u00a0\u00bb comme le r\u00e9v\u00e8le <a href=\"https:\/\/www.leparisien.fr\/hauts-de-seine-92\/on-banalise-un-acte-grave-victime-de-cris-de-singe-lors-dun-match-de-volley-il-denonce-la-faible-sanction-29-09-2025-A4EWUSAIPVDC7I5H6QHFXSGYCI.php\" target=\"_blank\" rel=\"noopener nofollow\">Le Parisien<\/a>. \u00ab\u00a0Pour moi, \u00e7a n\u2019explique rien (l\u2019\u00e2ge du joueur). On est en 2025, on est alert\u00e9 sur ces sujets tr\u00e8s t\u00f4t, que ce soit \u00e0 l\u2019\u00e9cole ou dans le sport. Donc c\u2019est bien beau pour la f\u00e9d\u00e9ration de lancer des campagnes anti-racistes, anti-violences, mais, si derri\u00e8re, on n\u2019est pas pr\u00eat \u00e0 agir pour ce type d\u2019acte, \u00e7a ne sert \u00e0 rien\u2026\u00a0\u00bb, estime Yoni Viotty Rose.<\/p>\n<p>La f\u00e9d\u00e9ration fran\u00e7aise de volley-ball s\u2019est de son c\u00f4t\u00e9 d\u00e9fendue en disant condamner \u00ab\u00a0fermement cet acte\u00a0\u00bb et dit comprendre \u00ab\u00a0que les victimes soient souvent d\u00e9\u00e7ues mais la commission est constitu\u00e9e d\u2019avocats et de juristes qui ont appliqu\u00e9 les sanctions pr\u00e9vues dans notre bar\u00e8me, qui va de deux \u00e0 six mois de suspension\u00a0\u00bb, a d\u00e9clar\u00e9 Antoine Durant, directeur ex\u00e9cutif de la FFV dans Le Parisien. Malgr\u00e9 cet incident, la motivation de Yoni Viotty Rose reste intacte. Il est fin pr\u00eat pour cette nouvelle saison de volley-ball \u00e0 venir.<\/p>\n","protected":false},"excerpt":{"rendered":"Joueur de national 3 en r\u00e9gion parisienne, Yoni Viotty Rose a \u00e9t\u00e9 victime d\u2019un acte raciste en plein&hellip;\n","protected":false},"author":2,"featured_media":426632,"comment_status":"","ping_status":"","sticky":false,"template":"","format":"standard","meta":{"footnotes":""},"categories":[1417],"tags":[1011,27,60,1470,1469],"class_list":{"0":"post-426631","1":"post","2":"type-post","3":"status-publish","4":"format-standard","5":"has-post-thumbnail","7":"category-volley","8":"tag-fr","9":"tag-france","10":"tag-sports","11":"tag-volley","12":"tag-volleyball"},"share_on_mastodon":{"url":"https:\/\/pubeurope.com\/@fr\/115288823813578955","error":""},"_links":{"self":[{"href":"https:\/\/www.europesays.com\/fr\/wp-json\/wp\/v2\/posts\/426631","targetHints":{"allow":["GET"]}}],"collection":[{"href":"https:\/\/www.europesays.com\/fr\/wp-json\/wp\/v2\/posts"}],"about":[{"href":"https:\/\/www.europesays.com\/fr\/wp-json\/wp\/v2\/types\/post"}],"author":[{"embeddable":true,"href":"https:\/\/www.europesays.com\/fr\/wp-json\/wp\/v2\/users\/2"}],"replies":[{"embeddable":true,"href":"https:\/\/www.europesays.com\/fr\/wp-json\/wp\/v2\/comments?post=426631"}],"version-history":[{"count":0,"href":"https:\/\/www.europesays.com\/fr\/wp-json\/wp\/v2\/posts\/426631\/revisions"}],"wp:featuredmedia":[{"embeddable":true,"href":"https:\/\/www.europesays.com\/fr\/wp-json\/wp\/v2\/media\/426632"}],"wp:attachment":[{"href":"https:\/\/www.europesays.com\/fr\/wp-json\/wp\/v2\/media?parent=426631"}],"wp:term":[{"taxonomy":"category","embeddable":true,"href":"https:\/\/www.europesays.com\/fr\/wp-json\/wp\/v2\/categories?post=426631"},{"taxonomy":"post_tag","embeddable":true,"href":"https:\/\/www.europesays.com\/fr\/wp-json\/wp\/v2\/tags?post=426631"}],"curies":[{"name":"wp","href":"https:\/\/api.w.org\/{rel}","templated":true}]}}