{"id":426635,"date":"2025-09-29T17:44:17","date_gmt":"2025-09-29T17:44:17","guid":{"rendered":"https:\/\/www.europesays.com\/fr\/426635\/"},"modified":"2025-09-29T17:44:17","modified_gmt":"2025-09-29T17:44:17","slug":"mettre-a-lhonneur-lexcellence-de-larbitrage-francais-le-dernier-bastion-en-grand-chelem-resiste-il-y-aura-encore-des-juges-de-ligne-a-roland-garros-en-2026-l","status":"publish","type":"post","link":"https:\/\/www.europesays.com\/fr\/426635\/","title":{"rendered":"\u00ab Mettre \u00e0 l&#039;honneur l&#039;excellence de l&#039;arbitrage fran\u00e7ais \u00bb : le dernier bastion en Grand Chelem r\u00e9siste, il y aura encore des juges de ligne \u00e0 Roland-Garros en 2026 &#8211; L&#039;\u00c9quipe"},"content":{"rendered":"<ol>\n<li><a href=\"https:\/\/news.google.com\/rss\/articles\/CBMisgJBVV95cUxQbHRMOWFtOFM3czFUM2phSVNDc2lRSVg2UzJ3bTNQRmI2QXVMU0RRanNFV0JqUzFwRGNCSlROdFU1dDR3WjVObGwzVk1VWGh1Vkd0M09DRUJ0dmlPYUc0b2tQU3ZVV1BLR083aUdvRDVTdWFHc29hOEVSOTh5WjA0VkxJLWE2OXFpR0VRZlRLMElwajM1MFV4WUotdjBMRnBiUHhDeHdFUEhHUkVBLWxfYXY4UGRKZlRiUnRNNkdhUjFzU0JEVjNuMEZFM0RydjRRdk1PczlGRW1PRVFMVnlGWGtELUxYd0lKNGd5WHE4YTNjaWZ6TWpzUmtkTDE4QUxCWXNMUlMtQnlOdDlpMldBYTRYQTZIWnVjdlV4MlBEWG93MG9WX2Z4LU00bVJZa1FqX1E?oc=5\" target=\"_blank\" rel=\"nofollow noopener\">\u00ab Mettre \u00e0 l&rsquo;honneur l&rsquo;excellence de l&rsquo;arbitrage fran\u00e7ais \u00bb : le dernier bastion en Grand Chelem r\u00e9siste, il y aura encore des juges de ligne \u00e0 Roland-Garros en 2026<\/a>&nbsp;&nbsp;L&rsquo;\u00c9quipe<\/li>\n<li><a href=\"https:\/\/news.google.com\/rss\/articles\/CBMiiAFBVV95cUxQRGczTlNJYmpOWXhzWVNrME51NVg5cTE2MFRGU1VwYkZOQlNvVjN2SjdRQ25zQVptTGctZ1REUFQyTUR2Sm5zeHpuRUJfd1dTQ1E0WTNNVExYTXl1Wl9iYkdYc3B6d3g1bDN1R2Rnc1ZJcXRCVFpPNFRUaUJQOVVITDZib0ZfcE5W?oc=5\" target=\"_blank\" rel=\"nofollow noopener\">Des juges de ligne lors du tournoi de Roland-Garros 2026<\/a>&nbsp;&nbsp;F\u00e9d\u00e9ration Fran\u00e7aise de Tennis<\/li>\n<li><a href=\"https:\/\/news.google.com\/rss\/articles\/CBMi3wFBVV95cUxOdHJpcVBaSWdzV3hrVlNFUWw5NWh0U21KQ0I3WHRhbTlPUFVkNXR6Y0JyaG9qM0gxSURRdlNtSFZURk1GTkM4bWpqQ2RZSlBTY2Fza0paZ3VmNnlxV3ZhVUhFMVA4U09JZXhNcEdBSG04SjdSNmhlcWNVdnF6YmM0a2dlSXp6ZWROa19hcHUxbk5PMTJzclIwR0tQTkhMdmNHaXNNMTgzWVVKOVcydDI2U2JTOXp3S2sxVkJyQ3lRU3N4YUlQZVdQUXFPVURQemtUNkRibmE0RmRfSTV3OUEw?oc=5\" target=\"_blank\" rel=\"nofollow noopener\">Tennis &#8211; Roland-Garros : Les juges de lignes officieront encore en 2026 (FFT)<\/a>&nbsp;&nbsp;Eurosport<\/li>\n<li><a href=\"https:\/\/news.google.com\/rss\/articles\/CBMipAJBVV95cUxNVXpGWnpYUms4TG5hY1hnMy1tcVUyRllSaEV2QnRZSXZNWTBHdHMxZ0JxVG9kRGRiY1RXZjFHSW0xU3BKal9VNlVmV3ZEV3lSZFNtZmJXcmZ3NmpqZE5Fd21ScUFubm9tSFVqeVpQMkVkYWVfTlZ1RXNlTjBJSVVLdDNBMlQ0bWdFcmIyX0VQSUgwWTIxUWtaZ1FvN0U0LUdNWmI5YUhRQklJaWNIMkpkYzdaT29wcVBxamt6RVc3TFprU0NyWlNadXJKQmRiN2RFY1BGczRQNGlLMmRyX01fNV9kUEstM1JXR3UyX2JXd0ZCNjhPSjJwejBYN0ZvRjV5OHprMXJ5MkVoMHdRM0hrc1VWQ3Z1bTdHdW10eFhLRXRDUUpV?oc=5\" target=\"_blank\" rel=\"nofollow noopener\">\u00ab La singularit\u00e9 du tournoi de Roland-Garros \u00bb : le Grand Chelem parisien garde ses juges de ligne pour 2026<\/a>&nbsp;&nbsp;Le Parisien<\/li>\n<li><a href=\"https:\/\/news.google.com\/rss\/articles\/CBMi4wFBVV95cUxOUFZjanNQcG1VUExvNkwwTXdTcHRQbUU3NEhxMUNPTU9jNktBTVhNOGwwb0xTbDdyRkR1WE8tQUdTY015TXJLVW9kSXM1VkRSMG0xdXVLMTVZaXhtT2ttSXV4dWRRazdaNFBadmN1c0YyaHZHZGNhSXJjVUdiZ3M3TENsZVZleWNKRE9VQnZIdU00MHIyei1wb0tPaHFQMnN4My01YnduMm5xU3QtV2QxcmlRbUtoZkJPZkl3WkxkTlh0MGdpaVFRMjJVWU9uVTBaRVUwZVVUZmZmbTBfdlRXU29DMA?oc=5\" target=\"_blank\" rel=\"nofollow noopener\">Roland-Garros. Les juges de lignes encore pr\u00e9sents en 2026<\/a>&nbsp;&nbsp;Ouest-France<\/li>\n<\/ol>\n","protected":false},"excerpt":{"rendered":"\u00ab Mettre \u00e0 l&rsquo;honneur l&rsquo;excellence de l&rsquo;arbitrage fran\u00e7ais \u00bb : le dernier bastion en Grand Chelem r\u00e9siste, il&hellip;\n","protected":false},"author":2,"featured_media":426636,"comment_status":"","ping_status":"","sticky":false,"template":"","format":"standard","meta":{"footnotes":""},"categories":[1415],"tags":[1011,27,60,1467],"class_list":{"0":"post-426635","1":"post","2":"type-post","3":"status-publish","4":"format-standard","5":"has-post-thumbnail","7":"category-tennis","8":"tag-fr","9":"tag-france","10":"tag-sports","11":"tag-tennis"},"share_on_mastodon":{"url":"https:\/\/pubeurope.com\/@fr\/115288831609770174","error":""},"_links":{"self":[{"href":"https:\/\/www.europesays.com\/fr\/wp-json\/wp\/v2\/posts\/426635","targetHints":{"allow":["GET"]}}],"collection":[{"href":"https:\/\/www.europesays.com\/fr\/wp-json\/wp\/v2\/posts"}],"about":[{"href":"https:\/\/www.europesays.com\/fr\/wp-json\/wp\/v2\/types\/post"}],"author":[{"embeddable":true,"href":"https:\/\/www.europesays.com\/fr\/wp-json\/wp\/v2\/users\/2"}],"replies":[{"embeddable":true,"href":"https:\/\/www.europesays.com\/fr\/wp-json\/wp\/v2\/comments?post=426635"}],"version-history":[{"count":0,"href":"https:\/\/www.europesays.com\/fr\/wp-json\/wp\/v2\/posts\/426635\/revisions"}],"wp:featuredmedia":[{"embeddable":true,"href":"https:\/\/www.europesays.com\/fr\/wp-json\/wp\/v2\/media\/426636"}],"wp:attachment":[{"href":"https:\/\/www.europesays.com\/fr\/wp-json\/wp\/v2\/media?parent=426635"}],"wp:term":[{"taxonomy":"category","embeddable":true,"href":"https:\/\/www.europesays.com\/fr\/wp-json\/wp\/v2\/categories?post=426635"},{"taxonomy":"post_tag","embeddable":true,"href":"https:\/\/www.europesays.com\/fr\/wp-json\/wp\/v2\/tags?post=426635"}],"curies":[{"name":"wp","href":"https:\/\/api.w.org\/{rel}","templated":true}]}}