{"id":426637,"date":"2025-09-29T17:46:12","date_gmt":"2025-09-29T17:46:12","guid":{"rendered":"https:\/\/www.europesays.com\/fr\/426637\/"},"modified":"2025-09-29T17:46:12","modified_gmt":"2025-09-29T17:46:12","slug":"motogp-mauvaise-nouvelle-le-grand-prix-dindonesie-a-mandalika-menace-par-le-ciel","status":"publish","type":"post","link":"https:\/\/www.europesays.com\/fr\/426637\/","title":{"rendered":"MotoGP Mauvaise nouvelle, le Grand-Prix d&rsquo;Indon\u00e9sie \u00e0 Mandalika menac\u00e9 par le ciel !"},"content":{"rendered":"<p>C\u2019est un risque qui est connu, dans cette r\u00e9gion du globe et \u00e0 cette p\u00e9riode de l\u2019ann\u00e9e. Le Grand-Prix de MotoGP d\u2019Indon\u00e9sie pourrait \u00eatre perturb\u00e9, durant les trois journ\u00e9es, par des averses. Mais \u00e9galement, par des orages, certains bulletins m\u00e9t\u00e9orologiques (meteoblue, entre autres) faisant \u00e9tat d\u2019un temps tr\u00e8s capricieux, dans la r\u00e9gion de Mandalika, le week-end prochain.<\/p>\n<p>MotoGP : de possibles heureux, avec un temps pluvieux<\/p>\n<p>Evidemment, il pourrait s\u2019agir d\u2019une mauvaise nouvelle, dans le cas ou les quantit\u00e9s d\u2019eau s\u2019av\u00e9reraient trop importantes pour permettre aux motos de courir. De m\u00eame, si les orages sont accompagn\u00e9s d\u2019\u00e9clairs, au niveau du circuit, les s\u00e9ances concern\u00e9es seraient report\u00e9es voire, annul\u00e9es, selon le timing des diff\u00e9rentes cat\u00e9gories.<\/p>\n<p>En revanche, dans le cas o\u00f9 les pilotes seraient autoris\u00e9s \u00e0 prendre la piste, certains sp\u00e9cialistes jubileraient. Nous pensons, en premier lieu, \u00e0 Johann Zarco, vainqueur dans des conditions tr\u00e8s humides cette saison, au Grand-Prix de France. Mais <a href=\"https:\/\/lemagsportauto.ouest-france.fr\/tag\/jack-miller\/\" target=\"_blank\" rel=\"noopener nofollow\">Jack Miller<\/a>, l\u2019autre grand sp\u00e9cialiste, pourrait saisir cette opportunit\u00e9 pour renouer, enfin, avec le podium. Parmi les autres pilotes \u00e0 suivre, sur un sol humide, citons aussi Miguel Oliveira, plusieurs vois vainqueur sur un tarmac mouill\u00e9.<\/p>\n<p>Mais Marc Marquez, d\u00e9sormais officiellement champion du monde de MotoGP 2025 n\u2019est lui non plus pas en reste, lorsque le bitume se fait glissant. Pour l\u2019heure, restons toutefois prudents, ces pr\u00e9dictions \u00e9tant encore susceptibles d\u2019\u00e9voluer grandement, d\u2019ici le coup d\u2019envoi du Grand-Prix d\u2019Indon\u00e9sie.<\/p>\n<blockquote class=\"twitter-tweet\">\n<p dir=\"ltr\" lang=\"en\">Flyaways League is here! \u2708\ufe0f<\/p>\n<p>Join the Fantasy action now \ud83d\udc49 <a href=\"https:\/\/t.co\/Kn9ThgsXfu\" rel=\"nofollow\">https:\/\/t.co\/Kn9ThgsXfu<\/a><\/p>\n<p>You could win 2 <a href=\"https:\/\/twitter.com\/hashtag\/MotoGP?src=hash&amp;ref_src=twsrc%5Etfw\" target=\"_blank\" rel=\"noopener nofollow\">#MotoGP<\/a> tickets and a signed game! \ud83c\udf81 Don\u2019t miss out! \u263a\ufe0f<a href=\"https:\/\/twitter.com\/hashtag\/MotoGPFantasy?src=hash&amp;ref_src=twsrc%5Etfw\" target=\"_blank\" rel=\"noopener nofollow\">#MotoGPFantasy<\/a> <a href=\"https:\/\/t.co\/Ilj3PEvqMn\" rel=\"nofollow\">pic.twitter.com\/Ilj3PEvqMn<\/a><\/p>\n<p>\u2014 MotoGP\u2122\ud83c\udfc1 (@MotoGP) <a href=\"https:\/\/twitter.com\/MotoGP\/status\/1972579602305523839?ref_src=twsrc%5Etfw\" target=\"_blank\" rel=\"noopener nofollow\">September 29, 2025<\/a><\/p>\n<\/blockquote>\n<p>Article publi\u00e9 le 29\/09\/2025 \u00e0 17h02<\/p>\n<p>                                                            <script async src=\"https:\/\/platform.twitter.com\/widgets.js\" charset=\"utf-8\"><\/script><\/p>\n","protected":false},"excerpt":{"rendered":"C\u2019est un risque qui est connu, dans cette r\u00e9gion du globe et \u00e0 cette p\u00e9riode de l\u2019ann\u00e9e. Le&hellip;\n","protected":false},"author":2,"featured_media":426638,"comment_status":"","ping_status":"","sticky":false,"template":"","format":"standard","meta":{"footnotes":""},"categories":[1413],"tags":[1011,27,53555,1457,1456,1458,60],"class_list":{"0":"post-426637","1":"post","2":"type-post","3":"status-publish","4":"format-standard","5":"has-post-thumbnail","7":"category-moto","8":"tag-fr","9":"tag-france","10":"tag-mandalika","11":"tag-moto","12":"tag-motocycle","13":"tag-motogp","14":"tag-sports"},"share_on_mastodon":{"url":"https:\/\/pubeurope.com\/@fr\/115288839616755610","error":""},"_links":{"self":[{"href":"https:\/\/www.europesays.com\/fr\/wp-json\/wp\/v2\/posts\/426637","targetHints":{"allow":["GET"]}}],"collection":[{"href":"https:\/\/www.europesays.com\/fr\/wp-json\/wp\/v2\/posts"}],"about":[{"href":"https:\/\/www.europesays.com\/fr\/wp-json\/wp\/v2\/types\/post"}],"author":[{"embeddable":true,"href":"https:\/\/www.europesays.com\/fr\/wp-json\/wp\/v2\/users\/2"}],"replies":[{"embeddable":true,"href":"https:\/\/www.europesays.com\/fr\/wp-json\/wp\/v2\/comments?post=426637"}],"version-history":[{"count":0,"href":"https:\/\/www.europesays.com\/fr\/wp-json\/wp\/v2\/posts\/426637\/revisions"}],"wp:featuredmedia":[{"embeddable":true,"href":"https:\/\/www.europesays.com\/fr\/wp-json\/wp\/v2\/media\/426638"}],"wp:attachment":[{"href":"https:\/\/www.europesays.com\/fr\/wp-json\/wp\/v2\/media?parent=426637"}],"wp:term":[{"taxonomy":"category","embeddable":true,"href":"https:\/\/www.europesays.com\/fr\/wp-json\/wp\/v2\/categories?post=426637"},{"taxonomy":"post_tag","embeddable":true,"href":"https:\/\/www.europesays.com\/fr\/wp-json\/wp\/v2\/tags?post=426637"}],"curies":[{"name":"wp","href":"https:\/\/api.w.org\/{rel}","templated":true}]}}