{"id":426645,"date":"2025-09-29T17:50:13","date_gmt":"2025-09-29T17:50:13","guid":{"rendered":"https:\/\/www.europesays.com\/fr\/426645\/"},"modified":"2025-09-29T17:50:13","modified_gmt":"2025-09-29T17:50:13","slug":"elle-devoile-le-mo","status":"publish","type":"post","link":"https:\/\/www.europesays.com\/fr\/426645\/","title":{"rendered":"elle d\u00e9voile le mo &#8230;"},"content":{"rendered":"<p>EN BREF<\/p>\n<ul class=\"bloc_resume_post_list\">\n<li>Christine Bravo, c\u00e9l\u00e8bre animatrice fran\u00e7aise, a partag\u00e9<br \/>\ndes d\u00e9tails sur ses apparitions t\u00e9l\u00e9vis\u00e9es le 20 septembre sur<br \/>\nRTL.<\/li>\n<li>Elle exige un cachet de 3000 euros pour participer \u00e0 des<br \/>\n\u00e9missions, sauf pour des causes caritatives.<\/li>\n<li>Elle a \u00e9galement abord\u00e9 sa retraite, r\u00e9v\u00e9lant un montant<br \/>\nde 3000 euros, suscitant des r\u00e9flexions sur ses cotisations<br \/>\npass\u00e9es.<\/li>\n<\/ul>\n<p>Christine Bravo a longtemps \u00e9t\u00e9 une animatrice et chroniqueuse<br \/>\nembl\u00e9matique du paysage audiovisuel fran\u00e7ais. Aujourd\u2019hui, elle se<br \/>\nfait plus discr\u00e8te sur le petit \u00e9cran, mais est souvent invit\u00e9e en<br \/>\nplateau, comme elle l\u2019a expliqu\u00e9 sur RTL ce 20 septembre.<\/p>\n<p>L\u2019\u00e9crivaine a d\u2019ailleurs r\u00e9v\u00e9l\u00e9 le montant qu\u2019elle demandait<br \/>\npour apparaitre dans des programmes.<\/p>\n<p>Christine Bravo d\u00e9voile le montant qu\u2019elle demande pour ses<br \/>\napparitions t\u00e9l\u00e9vis\u00e9es<\/p>\n<p>Ce 20 septembre, Eric Dussart et Jade accueillaient <a href=\"https:\/\/www.telestar.fr\/people\/frou-frou-christine-bravo-balance-sur-lattitude-cauchemardesque-de-cette-star-a-qui-elle-en-veut-encore-terriblement-1739009\" target=\"_blank\" rel=\"noopener\"><br \/>\nChristine Bravo<\/a> dans On refait la t\u00e9l\u00e9, sur <a href=\"https:\/\/www.telestar.fr\/people\/vous-mecoutez-pas-bien-le-ton-monte-sur-rtl-marc-olivier-fogiel-gentiment-pris-de-haut-par-son-invite-1739251\" target=\"_blank\" rel=\"noopener\"><br \/>\nRTL<\/a>. Le journaliste a demand\u00e9 \u00e0 son invit\u00e9e : \u00ab\u00a0Vous refusez<br \/>\nde faire des plateaux t\u00e9l\u00e9 en tant qu\u2019invit\u00e9 s\u2019il n\u2019y a pas un<br \/>\npetit billet, ou un gros billet ?\u00a0\u00bb. La <a href=\"https:\/\/www.telestar.fr\/people\/ardisson-aurait-vendu-sa-mere-christine-bravo-sans-filtre-sur-lanimateur-dont-elle-etait-tres-proche-1731493\" target=\"_blank\" rel=\"noopener\"><br \/>\nchroniqueuse<\/a> a alors expliqu\u00e9 : \u00ab\u00a0Oui parce que je n\u2019ai rien<br \/>\n\u00e0 vendre. Je n\u2019ai pas de films \u00e0 promouvoir, j\u2019ai pas une pi\u00e8ce \u00e0<br \/>\npromouvoir. Je re\u00e7ois dix propositions par semaine, je vous<br \/>\npromets. Et alors je serai dans toutes les \u00e9missions de t\u00e9l\u00e9, de<br \/>\ntoutes les chaines, gratos ? \u00a0Ma vie \u00e7a serait \u00eatre \u00e0 la t\u00e9l\u00e9<br \/>\ngratos. <strong>Mais \u00e7a va pas la t\u00eate<\/strong>\u00a0\u00bb a-t-elle<br \/>\nlanc\u00e9. \u00ab\u00a0Non seulement j\u2019y vais pas sans un billet, mais c\u2019est<br \/>\n<strong>un gros billet\u00a0\u00bb<\/strong>\u00a0a-t-elle ajout\u00e9.<\/p>\n<p>Eric Dussart a ensuite demand\u00e9 : \u00ab\u00a0Sans indiscr\u00e9tion, \u00e7a<br \/>\ncoute combien d\u2019avoir Christine Bravo sur son plateau ?\u00a0\u00bb.<br \/>\nL\u00a0\u00bbancienne chroniqueuse a lanc\u00e9 : \u00ab\u00a0Si je reviens de Corse, je<br \/>\nne vais pas y aller\u2026 Bah <strong>3000 balles<\/strong>. J\u2019ai le<br \/>\nbillet d\u2019avion, j\u2019ai des animaux \u00e0 faire garder en Corse. J\u2019arrive,<br \/>\nle maquillage, la coiffure, les journalistes qui m\u2019appellent, comme<br \/>\nvous, les parasites !\u00a0\u00bb. Le journaliste lui a ensuite demand\u00e9<br \/>\nsi elle r\u00e9clamait le m\u00eame tarif pour toutes les \u00e9missions.<br \/>\n\u00ab\u00a0C\u2019est <strong>le m\u00eame prix pour tout le monde<\/strong>. Sauf<br \/>\nsi c\u2019est une \u00e9mission caritative et que je suis \u00e0 Paris, oui \u00e7a je<br \/>\nle fais\u00a0\u00bb\u00a0a-t-elle confi\u00e9.<\/p>\n<blockquote class=\"twitter-tweet\"><p><a class=\"twitter-link\" rel=\"noindex, nofollow noopener\" href=\"https:\/\/twitter.com\/RTLFrance\/status\/1969339249855250725\" target=\"_blank\"><\/p><\/blockquote>\n<p>Christine Bravo revient sur le montant<br \/>\nde sa retraite<\/p>\n<p>Eric Dussart a par la suite \u00e9voqu\u00e9 la retraite de Christine<br \/>\nBravo, qu&rsquo;elle avait r\u00e9v\u00e9l\u00e9 il y a plusieurs ann\u00e9es. \u00ab\u00a0Vous avez<br \/>\ndit il y a quelques ann\u00e9es chez <a href=\"https:\/\/www.telestar.fr\/people\/mort-de-thierry-ardisson-anne-claire-coudray-raconte-lenvers-du-decor-pour-audrey-crespo-mara-a-tf1-1738263\" target=\"_blank\" rel=\"noopener\"><br \/>\nThierry Ardisson<\/a> que vous aviez une retraite de 1000 euros,<br \/>\nc\u2019\u00e9tait une vanne je suppose ?\u00a0\u00bb a-t-il demand\u00e9. \u00ab\u00a0C\u2019\u00e9tait<br \/>\npas du tout une vanne, \u00e0 l\u2019\u00e9poque, je n\u2019\u00e9tais pas \u00e0 la retraite,<br \/>\nj\u2019\u00e9tais loin de la retraite, mais on avait calcul\u00e9. L\u00e0 je vais vous<br \/>\ndire combien j\u2019ai, <strong>j\u2019ai 3000 euros de<br \/>\nretraite<\/strong>\u00a0\u00bb a-t-elle assur\u00e9.<\/p>\n<p>L&rsquo;\u00e9crivaine s&rsquo;est ensuite indign\u00e9e : \u00ab\u00a0Comme c\u2019est possible\u2026<br \/>\nC\u2019est beaucoup plus que pas mal de Fran\u00e7ais, j\u2019en suis consciente,<br \/>\nmais par rapport \u00e0 ce que j\u2019ai cotis\u00e9\u2026 Y a des ann\u00e9es o\u00f9 j\u2019ai vers\u00e9<br \/>\n150 000 francs d\u2019imp\u00f4ts !\u00a0\u00bb.\u00a0<\/p>\n<p><script async src=\"https:\/\/platform.twitter.com\/widgets.js\" charset=\"utf-8\"><\/script><\/p>\n","protected":false},"excerpt":{"rendered":"EN BREF Christine Bravo, c\u00e9l\u00e8bre animatrice fran\u00e7aise, a partag\u00e9 des d\u00e9tails sur ses apparitions t\u00e9l\u00e9vis\u00e9es le 20 septembre&hellip;\n","protected":false},"author":2,"featured_media":426646,"comment_status":"","ping_status":"","sticky":false,"template":"","format":"standard","meta":{"footnotes":""},"categories":[1359],"tags":[548,31049,58,59,1011,27,973],"class_list":{"0":"post-426645","1":"post","2":"type-post","3":"status-publish","4":"format-standard","5":"has-post-thumbnail","7":"category-people","8":"tag-article-simple","9":"tag-christine-bravo","10":"tag-divertissement","11":"tag-entertainment","12":"tag-fr","13":"tag-france","14":"tag-people"},"share_on_mastodon":{"url":"https:\/\/pubeurope.com\/@fr\/115288855363797297","error":""},"_links":{"self":[{"href":"https:\/\/www.europesays.com\/fr\/wp-json\/wp\/v2\/posts\/426645","targetHints":{"allow":["GET"]}}],"collection":[{"href":"https:\/\/www.europesays.com\/fr\/wp-json\/wp\/v2\/posts"}],"about":[{"href":"https:\/\/www.europesays.com\/fr\/wp-json\/wp\/v2\/types\/post"}],"author":[{"embeddable":true,"href":"https:\/\/www.europesays.com\/fr\/wp-json\/wp\/v2\/users\/2"}],"replies":[{"embeddable":true,"href":"https:\/\/www.europesays.com\/fr\/wp-json\/wp\/v2\/comments?post=426645"}],"version-history":[{"count":0,"href":"https:\/\/www.europesays.com\/fr\/wp-json\/wp\/v2\/posts\/426645\/revisions"}],"wp:featuredmedia":[{"embeddable":true,"href":"https:\/\/www.europesays.com\/fr\/wp-json\/wp\/v2\/media\/426646"}],"wp:attachment":[{"href":"https:\/\/www.europesays.com\/fr\/wp-json\/wp\/v2\/media?parent=426645"}],"wp:term":[{"taxonomy":"category","embeddable":true,"href":"https:\/\/www.europesays.com\/fr\/wp-json\/wp\/v2\/categories?post=426645"},{"taxonomy":"post_tag","embeddable":true,"href":"https:\/\/www.europesays.com\/fr\/wp-json\/wp\/v2\/tags?post=426645"}],"curies":[{"name":"wp","href":"https:\/\/api.w.org\/{rel}","templated":true}]}}