{"id":426647,"date":"2025-09-29T17:51:12","date_gmt":"2025-09-29T17:51:12","guid":{"rendered":"https:\/\/www.europesays.com\/fr\/426647\/"},"modified":"2025-09-29T17:51:12","modified_gmt":"2025-09-29T17:51:12","slug":"ces-couleurs-vont-disparaitre-des-salons-modernes-en-2026","status":"publish","type":"post","link":"https:\/\/www.europesays.com\/fr\/426647\/","title":{"rendered":"Ces couleurs vont dispara\u00eetre des salons modernes en 2026"},"content":{"rendered":"\n<p>Comme chaque ann\u00e9e, 2025 ne fait pas exception aux \u00e9volutions en mati\u00e8re de design d\u2019int\u00e9rieur. Certaines teintes, autrefois incontournables, tombent aujourd\u2019hui en d\u00e9su\u00e9tude, notamment dans le salon. Selon un article publi\u00e9 par le site Homes and Gardens, voici les couleurs \u00e0 \u00e9viter absolument si vous souhaitez rester en phase avec les nouvelles tendances d\u00e9co.<\/p>\n<p>    Les teintes neutres, discr\u00e8tes en 2025 <\/p>\n<p>Ces derni\u00e8res ann\u00e9es, <a href=\"https:\/\/www.lejournaldelamaison.fr\/le-journal-de-la-maison\/nouveautes\/tendances\/tendances-deco\/pourquoi-tout-monde-obsede-couleur-escalope-nouveau-neutre-fait-fureur-deco-509826.html\" target=\"_blank\" rel=\"noopener\">les tons neutres<\/a> ont \u00e9t\u00e9 pl\u00e9biscit\u00e9s par les architectes d\u00a0\u00bbint\u00e9rieur : <strong>le beige, le taupe ou encore le gris<\/strong>. Ces couleurs, que l&rsquo;on pensait ind\u00e9modables, seraient en r\u00e9alit\u00e9 en perte de vitesse. En 2025, elles laissent leur place \u00e0 des teintes plus audacieuses, permettant <strong>d&rsquo;ajouter du caract\u00e8re<\/strong> \u00e0 un espace.<\/p>\n<p>Arianna Barone, responsable marketing couleur chez Benjamin Moore, explique que les tons trop neutres <strong>ne sont plus tr\u00e8s appr\u00e9ci\u00e9s<\/strong>. Les nuances satur\u00e9es, quant \u00e0 elles, plaisent davantage aux designers et d\u00e9corateurs, car elles permettent de <a href=\"https:\/\/www.lejournaldelamaison.fr\/le-journal-de-la-maison\/actus-deco\/personnaliser-son-logement-lors-dun-achat-dans-le-neuf-444494.html\" target=\"_blank\" rel=\"noopener\">personnaliser une pi\u00e8ce<\/a>. Les palettes de couleurs sont donc plus dynamiques et <strong>r\u00e9pondent \u00e0 une demande de modernit\u00e9<\/strong>.<\/p>\n<p>    Le vert sauge en perte de vitesse <\/p>\n<p>Le <a href=\"https:\/\/www.lejournaldelamaison.fr\/le-journal-de-la-maison\/nouveautes\/tendances\/tendances-deco\/couleurs-deco-tendance-printemps-vert-pistache-508071.html\" target=\"_blank\" rel=\"noopener\">vert sauge<\/a> \u00e9tait une couleur phare, que l&rsquo;on voyait <strong>partout sur les r\u00e9seaux sociaux<\/strong>. En 2025, certains pensent que cette teinte a \u00e9t\u00e9 trop utilis\u00e9e, qu&rsquo;elle est trop \u00ab\u00a0pr\u00e9visible\u00a0\u00bb. Cuisines, chambres, salons&#8230; Son omnipr\u00e9sence a commenc\u00e9 \u00e0 lasser, si bien que les architectes d&rsquo;int\u00e9rieur lui pr\u00e9f\u00e8rent d\u00e9sormais des verts un peu plus \u00e9clatants, <strong>donnant une nouvelle \u00e9nergie \u00e0 l&rsquo;espace<\/strong>.<\/p>\n<p>Mais le vert sauge <strong>ne devrait pas totalement dispara\u00eetre<\/strong> de nos int\u00e9rieurs. Vous pouvez toujours l&rsquo;utiliser pour certains meubles ou accessoires de d\u00e9coration, afin d&rsquo;ajouter des touches naturelles \u00e0 vos pi\u00e8ces. Mais si vous souhaitez rafra\u00eechir <a href=\"https:\/\/www.lejournaldelamaison.fr\/le-journal-de-la-maison\/nouveautes\/tendances\/tendances-deco\/2025-decorez-plus-votre-salon-avec-couleurs-cest-crime-deco-506714.html\" target=\"_blank\" rel=\"noopener\">votre salon<\/a>, nous vous conseillons d&rsquo;opter pour <strong>des tons plus satur\u00e9s<\/strong>.<\/p>\n<p>        Des couleurs plus chaleureuses \u00e0 adopter pour la fin d&rsquo;ann\u00e9e (et 2026) <\/p>\n<p><a href=\"https:\/\/www.lejournaldelamaison.fr\/le-journal-de-la-maison\/nouveautes\/tendances\/tendances-deco\/fini-couleurs-pastel-nouvelle-palette-ultra-chic-506373.html\" target=\"_blank\" rel=\"noopener\">Les couleurs pastel<\/a> sont aussi moins pris\u00e9es par les experts en d\u00e9coration. Ces teintes l\u00e9g\u00e8res apportaient <strong>une touche f\u00e9minine et \u00e9l\u00e9gante<\/strong>, mais aujourd&rsquo;hui, elles paraissent un peu d\u00e9connect\u00e9es des tendances actuelles. Les tons pastel devraient donc laisser place \u00e0 des teintes <strong>plus naturelles, plus terreuses<\/strong>.<\/p>\n<p>Cette \u00e9volution s&rsquo;explique par <strong>un besoin de chaleur, d&rsquo;authenticit\u00e9<\/strong> et un retour global \u00e0 <a href=\"https:\/\/www.lejournaldelamaison.fr\/le-journal-de-la-maison\/piece-par-piece\/terrasse-jardin-piece-par-piece\/zoom-terrasses-minimalistes-entre-design-simplicite-330566.html\" target=\"_blank\" rel=\"noopener\">la simplicit\u00e9<\/a>. Shauna Dennison-Taylor, directrice artistique chez Penny Morrison, assure que les teintes froides ne donnent pas cette sensation de confort si recherch\u00e9e. Jusqu&rsquo;\u00e0 la fin de l&rsquo;ann\u00e9e, les salons seront plus \u00ab\u00a0vivants\u00a0\u00bb, et adopteront <strong>des nuances de marron ou de vert mousse<\/strong>. Un environnement bien plus familial et convivial qui tranche avec les int\u00e9rieurs un peu ternes de ces derni\u00e8res ann\u00e9es.<\/p>\n","protected":false},"excerpt":{"rendered":"Comme chaque ann\u00e9e, 2025 ne fait pas exception aux \u00e9volutions en mati\u00e8re de design d\u2019int\u00e9rieur. Certaines teintes, autrefois&hellip;\n","protected":false},"author":2,"featured_media":426648,"comment_status":"","ping_status":"","sticky":false,"template":"","format":"standard","meta":{"footnotes":""},"categories":[1358],"tags":[1348,1384,1385,1386,58,59,1011,27,6055,729],"class_list":{"0":"post-426647","1":"post","2":"type-post","3":"status-publish","4":"format-standard","5":"has-post-thumbnail","7":"category-arts-et-design","8":"tag-arts","9":"tag-arts-and-design","10":"tag-arts-et-design","11":"tag-design","12":"tag-divertissement","13":"tag-entertainment","14":"tag-fr","15":"tag-france","16":"tag-republishing","17":"tag-yout_video"},"share_on_mastodon":{"url":"https:\/\/pubeurope.com\/@fr\/115288859171463950","error":""},"_links":{"self":[{"href":"https:\/\/www.europesays.com\/fr\/wp-json\/wp\/v2\/posts\/426647","targetHints":{"allow":["GET"]}}],"collection":[{"href":"https:\/\/www.europesays.com\/fr\/wp-json\/wp\/v2\/posts"}],"about":[{"href":"https:\/\/www.europesays.com\/fr\/wp-json\/wp\/v2\/types\/post"}],"author":[{"embeddable":true,"href":"https:\/\/www.europesays.com\/fr\/wp-json\/wp\/v2\/users\/2"}],"replies":[{"embeddable":true,"href":"https:\/\/www.europesays.com\/fr\/wp-json\/wp\/v2\/comments?post=426647"}],"version-history":[{"count":0,"href":"https:\/\/www.europesays.com\/fr\/wp-json\/wp\/v2\/posts\/426647\/revisions"}],"wp:featuredmedia":[{"embeddable":true,"href":"https:\/\/www.europesays.com\/fr\/wp-json\/wp\/v2\/media\/426648"}],"wp:attachment":[{"href":"https:\/\/www.europesays.com\/fr\/wp-json\/wp\/v2\/media?parent=426647"}],"wp:term":[{"taxonomy":"category","embeddable":true,"href":"https:\/\/www.europesays.com\/fr\/wp-json\/wp\/v2\/categories?post=426647"},{"taxonomy":"post_tag","embeddable":true,"href":"https:\/\/www.europesays.com\/fr\/wp-json\/wp\/v2\/tags?post=426647"}],"curies":[{"name":"wp","href":"https:\/\/api.w.org\/{rel}","templated":true}]}}