{"id":426658,"date":"2025-09-29T17:57:11","date_gmt":"2025-09-29T17:57:11","guid":{"rendered":"https:\/\/www.europesays.com\/fr\/426658\/"},"modified":"2025-09-29T17:57:11","modified_gmt":"2025-09-29T17:57:11","slug":"un-jeune-gardien-de-19-ans-meurt-apres-un-choc-recu-en-plein-match","status":"publish","type":"post","link":"https:\/\/www.europesays.com\/fr\/426658\/","title":{"rendered":"Un jeune gardien de 19 ans meurt apr\u00e8s un choc re\u00e7u en plein match"},"content":{"rendered":"<p>Des hommages rendus par de nombreux clubs espagnols. Ce lundi, \u00e0 l\u2019annonce du d\u00e9c\u00e8s de Raul Ramirez, du <a href=\"https:\/\/www.20minutes.fr\/sport\/4170186-20250829-ligue-europa-lyon-lille-sortent-bien-nice-beaucoup-moins\" target=\"_blank\" class=\"c-link c-link--is-underlined\" rel=\"noopener\">Betis<\/a> au Racing Santander en passant par <a href=\"https:\/\/www.20minutes.fr\/sport\/football\/ligue_europa\/4151392-20250502-ligue-europa-manchester-united-maitrise-athletic-bilbao-laisse-gros-regrets-ol\" target=\"_blank\" class=\"c-link c-link--is-underlined\" rel=\"noopener\">l\u2019Athletic Club<\/a>, ils ont tous rendu hommage au jeune gardien espagnol de 19 ans, mort samedi sur les terrains, rapporte la Cadena Ser. Le jeune homme \u00e9voluait avec son club de Colindres, en Tercera Federacion (cinqui\u00e8me division espagnole).<\/p>\n<p>Raul Ramirez a \u00e9t\u00e9 victime d\u2019un choc sur une action qui a entra\u00een\u00e9 le premier but de la rencontre face \u00e0 Revilla. Il a fait deux arr\u00eats cardiaques, un juste apr\u00e8s le choc et l\u2019autre dans l\u2019ambulance qui le transportait \u00e0 l\u2019h\u00f4pital. Alors que Raul Ramirez \u00e9tait en \u00e9tat de mort c\u00e9r\u00e9brale, sa famille a d\u00e9cid\u00e9 de donner ses organes, <a href=\"https:\/\/www.rfcf.es\/pnfg\/NNws_ShwNewDup?codigo=18985&amp;cod_primaria=5000289&amp;cod_secundaria=5000289\" rel=\"nofollow noopener\" target=\"_blank\" class=\"c-link c-link--is-underlined\">rapporte la F\u00e9d\u00e9ration espagnole de football dans un communiqu\u00e9<\/a>.<\/p>\n<\/p>\n<p>Cette derni\u00e8re a d\u00e9cr\u00e9t\u00e9 trois jours de deuil et a indiqu\u00e9 qu\u2019une minute de silence serait respect\u00e9e dans tous les stades lors de la prochaine journ\u00e9e de championnat.<\/p>\n","protected":false},"excerpt":{"rendered":"Des hommages rendus par de nombreux clubs espagnols. Ce lundi, \u00e0 l\u2019annonce du d\u00e9c\u00e8s de Raul Ramirez, du&hellip;\n","protected":false},"author":2,"featured_media":426659,"comment_status":"","ping_status":"","sticky":false,"template":"","format":"standard","meta":{"footnotes":""},"categories":[9],"tags":[29934,3983,123,63,1011,27,100,517,60],"class_list":{"0":"post-426658","1":"post","2":"type-post","3":"status-publish","4":"format-standard","5":"has-post-thumbnail","7":"category-sports","8":"tag-arret-cardiaque","9":"tag-deces","10":"tag-espagne","11":"tag-football","12":"tag-fr","13":"tag-france","14":"tag-hopital","15":"tag-sport","16":"tag-sports"},"share_on_mastodon":{"url":"https:\/\/pubeurope.com\/@fr\/115288882966390821","error":""},"_links":{"self":[{"href":"https:\/\/www.europesays.com\/fr\/wp-json\/wp\/v2\/posts\/426658","targetHints":{"allow":["GET"]}}],"collection":[{"href":"https:\/\/www.europesays.com\/fr\/wp-json\/wp\/v2\/posts"}],"about":[{"href":"https:\/\/www.europesays.com\/fr\/wp-json\/wp\/v2\/types\/post"}],"author":[{"embeddable":true,"href":"https:\/\/www.europesays.com\/fr\/wp-json\/wp\/v2\/users\/2"}],"replies":[{"embeddable":true,"href":"https:\/\/www.europesays.com\/fr\/wp-json\/wp\/v2\/comments?post=426658"}],"version-history":[{"count":0,"href":"https:\/\/www.europesays.com\/fr\/wp-json\/wp\/v2\/posts\/426658\/revisions"}],"wp:featuredmedia":[{"embeddable":true,"href":"https:\/\/www.europesays.com\/fr\/wp-json\/wp\/v2\/media\/426659"}],"wp:attachment":[{"href":"https:\/\/www.europesays.com\/fr\/wp-json\/wp\/v2\/media?parent=426658"}],"wp:term":[{"taxonomy":"category","embeddable":true,"href":"https:\/\/www.europesays.com\/fr\/wp-json\/wp\/v2\/categories?post=426658"},{"taxonomy":"post_tag","embeddable":true,"href":"https:\/\/www.europesays.com\/fr\/wp-json\/wp\/v2\/tags?post=426658"}],"curies":[{"name":"wp","href":"https:\/\/api.w.org\/{rel}","templated":true}]}}