{"id":42666,"date":"2025-04-21T23:52:09","date_gmt":"2025-04-21T23:52:09","guid":{"rendered":"https:\/\/www.europesays.com\/fr\/42666\/"},"modified":"2025-04-21T23:52:09","modified_gmt":"2025-04-21T23:52:09","slug":"previsions-du-mardi-22-avril-2025-2","status":"publish","type":"post","link":"https:\/\/www.europesays.com\/fr\/42666\/","title":{"rendered":"pr\u00e9visions du mardi 22 avril 2025"},"content":{"rendered":"<p>Des \u00e9claircies sont pr\u00e9vues \u00e0 Strasbourg : on passera une journ\u00e9e cl\u00e9mente. Les maximales pourront atteindre 18\u00b0C et les minimales seront de 7\u00b0C. Dans la matin\u00e9e, les temp\u00e9ratures seront de 13\u00b0C. Un vent de sud-ouest soufflera l\u00e9g\u00e8rement, avec 7 km\/h. L&rsquo;apr\u00e8s-midi, c&rsquo;est une hausse de plusieurs degr\u00e9s que vont conna\u00eetre les temp\u00e9ratures. Ces valeurs s&rsquo;\u00e9chelonneront entre 17 et 18\u00b0C. Le ciel va s&rsquo;\u00e9claircir au cours de la soir\u00e9e. On pr\u00e9voit des valeurs d&rsquo;environ 13\u00b0C. On passera de mardi \u00e0 mercredi par une nuit brumeuse.<\/p>\n<p>Demain, il est possible que de petites averses \u00e9clatent \u00e0 Strasbourg. Il va faire environ 13\u00b0C. Une l\u00e9g\u00e8re brise de sud-ouest soufflera au cours de la matin\u00e9e. Les temp\u00e9ratures afficheront entre 11 et 16\u00b0C demain apr\u00e8s-midi. Les nuages \u00e0 pr\u00e9voir demain soir, et un ciel encore maussade. Des pluies \u00e9parses vont tomber sur la ville. Il fera 10\u00b0C en moyenne. Un vent de sud-ouest rafra\u00eechira quelque peu l&rsquo;atmosph\u00e8re.<\/p>\n<p>Peu de changements pour la suite. Une m\u00e9t\u00e9o pluvieuse, avec des temp\u00e9ratures de 13\u00b0C en moyenne, est attendue.<\/p>\n<p><\/p>\n","protected":false},"excerpt":{"rendered":"Des \u00e9claircies sont pr\u00e9vues \u00e0 Strasbourg : on passera une journ\u00e9e cl\u00e9mente. Les maximales pourront atteindre 18\u00b0C et&hellip;\n","protected":false},"author":2,"featured_media":42667,"comment_status":"","ping_status":"","sticky":false,"template":"","format":"standard","meta":{"footnotes":""},"categories":[2820],"tags":[1111,11,2389,2649,1777,674,1011,27,775,12,2119,25,640],"class_list":{"0":"post-42666","1":"post","2":"type-post","3":"status-publish","4":"format-standard","5":"has-post-thumbnail","7":"category-strasbourg","8":"tag-actu","9":"tag-actualites","10":"tag-alsace","11":"tag-bas-rhin","12":"tag-eu","13":"tag-europe","14":"tag-fr","15":"tag-france","16":"tag-grand-est","17":"tag-news","18":"tag-previsions-meteo","19":"tag-republique-francaise","20":"tag-strasbourg"},"share_on_mastodon":{"url":"https:\/\/pubeurope.com\/@fr\/114378646714283520","error":""},"_links":{"self":[{"href":"https:\/\/www.europesays.com\/fr\/wp-json\/wp\/v2\/posts\/42666","targetHints":{"allow":["GET"]}}],"collection":[{"href":"https:\/\/www.europesays.com\/fr\/wp-json\/wp\/v2\/posts"}],"about":[{"href":"https:\/\/www.europesays.com\/fr\/wp-json\/wp\/v2\/types\/post"}],"author":[{"embeddable":true,"href":"https:\/\/www.europesays.com\/fr\/wp-json\/wp\/v2\/users\/2"}],"replies":[{"embeddable":true,"href":"https:\/\/www.europesays.com\/fr\/wp-json\/wp\/v2\/comments?post=42666"}],"version-history":[{"count":0,"href":"https:\/\/www.europesays.com\/fr\/wp-json\/wp\/v2\/posts\/42666\/revisions"}],"wp:featuredmedia":[{"embeddable":true,"href":"https:\/\/www.europesays.com\/fr\/wp-json\/wp\/v2\/media\/42667"}],"wp:attachment":[{"href":"https:\/\/www.europesays.com\/fr\/wp-json\/wp\/v2\/media?parent=42666"}],"wp:term":[{"taxonomy":"category","embeddable":true,"href":"https:\/\/www.europesays.com\/fr\/wp-json\/wp\/v2\/categories?post=42666"},{"taxonomy":"post_tag","embeddable":true,"href":"https:\/\/www.europesays.com\/fr\/wp-json\/wp\/v2\/tags?post=42666"}],"curies":[{"name":"wp","href":"https:\/\/api.w.org\/{rel}","templated":true}]}}