{"id":426660,"date":"2025-09-29T17:58:13","date_gmt":"2025-09-29T17:58:13","guid":{"rendered":"https:\/\/www.europesays.com\/fr\/426660\/"},"modified":"2025-09-29T17:58:13","modified_gmt":"2025-09-29T17:58:13","slug":"adieu-les-taches-de-vieillesse-ce-nouveau-serum-anti-age-rajeunit-la-peau-de-10-ans-comme-par-magie","status":"publish","type":"post","link":"https:\/\/www.europesays.com\/fr\/426660\/","title":{"rendered":"adieu les taches de vieillesse, ce nouveau s\u00e9rum anti-\u00e2ge rajeunit la peau de 10 ans comme par magie"},"content":{"rendered":"<p>Les rides et les ridules sont souvent per\u00e7ues comme <a href=\"https:\/\/www.mariefrance.fr\/beaute\/voici-zone-visage-trahit-age-apres-50-ans-pas-rides-front-1164691.html\" target=\"_blank\" rel=\"noopener\">les signes les plus \u00e9vidents du<br \/>\nvieillissement cutan\u00e9<\/a>. Pourtant, ces petits sillons, qui se<br \/>\ndessinent sur la peau, sont loin d\u2019\u00eatre les seuls t\u00e9moins du temps<br \/>\nqui passe\u2026 Parmi les indices les plus r\u00e9v\u00e9lateurs, <a href=\"https:\/\/www.mariefrance.fr\/beaute\/nivea-bye-taches-vieillesse-mains-creme-acide-hyaluronique-incontournable-apres-50-ans-1126917.html\" target=\"_blank\" rel=\"noopener\"><strong>les taches<br \/>\npigmentaires<\/strong><\/a> occupent une place de choix, n\u2019\u00e9pargnant<br \/>\nni le visage, ni le cou ou le d\u00e9collet\u00e9 et <a href=\"https:\/\/www.mariefrance.fr\/beaute\/taches-brunes-mains-dermatologue-voici-meilleur-produit-debarrasser-50-ans-1158773.html\" target=\"_blank\" rel=\"noopener\">encore moins les mains<\/a>.<\/p>\n<p>Ces zones, en premi\u00e8re ligne face aux agressions ext\u00e9rieures,<br \/>\nn\u00e9cessitent une attention toute particuli\u00e8re. Pas question de ne<br \/>\npas <strong>les prot\u00e9ger des irr\u00e9gularit\u00e9s pigmentaires<\/strong>\u2026<br \/>\nqui ne concernent pas seulement les peaux matures ! La bonne<br \/>\nnouvelle, c\u2019est que le march\u00e9 de la beaut\u00e9 regorge de<br \/>\n<strong>produits anti-taches<\/strong> \u00e0 l\u2019action cibl\u00e9e.<br \/>\n<strong>Aroma-Zone<\/strong> vient d\u00a0\u00bbailleurs de d\u00e9voiler<br \/>\nsa derni\u00e8re innovation, sp\u00e9cialement formul\u00e9e pour r\u00e9v\u00e9ler l\u2019\u00e9clat<br \/>\ndu teint.<\/p>\n<p>Ce nouveau s\u00e9rum sign\u00e9 Aroma-Zone r\u00e9duit et \u00e9claircit 90 % des<br \/>\ntaches brunes<\/p>\n<p>Ces derni\u00e8res ann\u00e9es, l\u2019enseigne de beaut\u00e9 conna\u00eet une ascension<br \/>\nfulgurante. Consid\u00e9r\u00e9e comme l\u2019une des pr\u00e9f\u00e9r\u00e9es des Fran\u00e7ais, elle<br \/>\nmultiplie <strong>les lancements r\u00e9ussis<\/strong> et celui du<br \/>\n<a href=\"https:\/\/www.aroma-zone.com\/info\/fiche-technique\/serum-anti-tache-hordatine-extrait-de-reglisse\" target=\"_blank\" rel=\"nofollow noopener sponsored\">S\u00e9rum anti-taches<br \/>\nHordatine &amp; Extrait de R\u00e9glisse<\/a> en fait ind\u00e9niablement partie.<br \/>\nS&rsquo;il s&rsquo;est rapidement retrouv\u00e9 <strong>en rupture de stock<\/strong><br \/>\n\u00e0 sa sortie, c&rsquo;est parce que ce nouveau produit a su prouver son<br \/>\nefficacit\u00e9 et s\u2019impose d\u00e9j\u00e0 comme un incontournable \u00e0 tester (et<br \/>\nadopter ?).<\/p>\n<p>Capable de r\u00e9duire et d\u2019\u00e9claircir <strong>90 % des taches de<br \/>\ntout type<\/strong>\u00a0(soleil, acn\u00e9, \u00e2ge, masque de grossesse\u2026),<br \/>\ncette p\u00e9pite s\u2019adapte \u00e0 chaque carnation. Son efficacit\u00e9 ? Cette<br \/>\nnouveaut\u00e9 \u00e0 la triple action (<strong>anti-tache, anti-\u00e2ge et<br \/>\n\u00e9clat<\/strong>) la doit \u00e0 un complexe 100 % d&rsquo;origine naturelle<br \/>\nassociant hordatine, extrait d\u2019algue arc-en-ciel, extrait de<br \/>\nr\u00e9glisse et niacinamide. Un cocktail d\u2019actifs puissants !<\/p>\n<p><img loading=\"lazy\" decoding=\"async\" itemprop=\"thumbnailUrl\" class=\"size-medium wp-image-1169218 img-responsive aligncenter\" src=\"https:\/\/www.europesays.com\/fr\/wp-content\/uploads\/2025\/09\/1-86-680x383.jpg\" alt=\"\" width=\"680\" height=\"383\"\/> \u00a9<br \/>\nAroma-Zone<\/p>\n<p>Adieu les taches pigmentaires, cette<br \/>\nnouveaut\u00e9 Aroma-Zone rajeunit la peau en un rien de temps<\/p>\n<p>Pour profiter pleinement des bienfaits du <strong>S\u00e9rum<br \/>\nanti-taches Hordatine &amp; Extrait de R\u00e9glisse sign\u00e9<br \/>\nAroma-Zone<\/strong>, il suffit de l\u2019appliquer matin et\/ou<br \/>\nsoir sur l&rsquo;ensemble du visage et du cou, juste avant l\u2019\u00e9tape du<br \/>\nsoin de jour ou de nuit. Bonne nouvelle : ce produit magique peut<br \/>\n\u00e9galement \u00eatre utilis\u00e9 sur les mains. En ciblant <strong>les taches<br \/>\npigmentaires<\/strong>, il aide \u00e0 retrouver une peau plus jeune. Un<br \/>\npeu comme si <strong>l\u2019on effa\u00e7ait 10 ans<\/strong> en un seul geste<br \/>\n!<\/p>\n","protected":false},"excerpt":{"rendered":"Les rides et les ridules sont souvent per\u00e7ues comme les signes les plus \u00e9vidents du vieillissement cutan\u00e9. Pourtant,&hellip;\n","protected":false},"author":2,"featured_media":426661,"comment_status":"","ping_status":"","sticky":false,"template":"","format":"standard","meta":{"footnotes":""},"categories":[8],"tags":[10108,58,59,1011,27,6055],"class_list":{"0":"post-426660","1":"post","2":"type-post","3":"status-publish","4":"format-standard","5":"has-post-thumbnail","7":"category-divertissement","8":"tag-anti-age","9":"tag-divertissement","10":"tag-entertainment","11":"tag-fr","12":"tag-france","13":"tag-republishing"},"share_on_mastodon":{"url":"https:\/\/pubeurope.com\/@fr\/115288887043549217","error":""},"_links":{"self":[{"href":"https:\/\/www.europesays.com\/fr\/wp-json\/wp\/v2\/posts\/426660","targetHints":{"allow":["GET"]}}],"collection":[{"href":"https:\/\/www.europesays.com\/fr\/wp-json\/wp\/v2\/posts"}],"about":[{"href":"https:\/\/www.europesays.com\/fr\/wp-json\/wp\/v2\/types\/post"}],"author":[{"embeddable":true,"href":"https:\/\/www.europesays.com\/fr\/wp-json\/wp\/v2\/users\/2"}],"replies":[{"embeddable":true,"href":"https:\/\/www.europesays.com\/fr\/wp-json\/wp\/v2\/comments?post=426660"}],"version-history":[{"count":0,"href":"https:\/\/www.europesays.com\/fr\/wp-json\/wp\/v2\/posts\/426660\/revisions"}],"wp:featuredmedia":[{"embeddable":true,"href":"https:\/\/www.europesays.com\/fr\/wp-json\/wp\/v2\/media\/426661"}],"wp:attachment":[{"href":"https:\/\/www.europesays.com\/fr\/wp-json\/wp\/v2\/media?parent=426660"}],"wp:term":[{"taxonomy":"category","embeddable":true,"href":"https:\/\/www.europesays.com\/fr\/wp-json\/wp\/v2\/categories?post=426660"},{"taxonomy":"post_tag","embeddable":true,"href":"https:\/\/www.europesays.com\/fr\/wp-json\/wp\/v2\/tags?post=426660"}],"curies":[{"name":"wp","href":"https:\/\/api.w.org\/{rel}","templated":true}]}}