{"id":426668,"date":"2025-09-29T18:02:11","date_gmt":"2025-09-29T18:02:11","guid":{"rendered":"https:\/\/www.europesays.com\/fr\/426668\/"},"modified":"2025-09-29T18:02:11","modified_gmt":"2025-09-29T18:02:11","slug":"au-proces-de-cedric-jubillar-le-procureur-en-position-daccuse-liberation","status":"publish","type":"post","link":"https:\/\/www.europesays.com\/fr\/426668\/","title":{"rendered":"au proc\u00e8s de C\u00e9dric Jubillar, le procureur en position d\u2019accus\u00e9 \u2013 Lib\u00e9ration"},"content":{"rendered":"<p class=\"sc-cPiKLX AiZTS text-element\">En recevant sa citation \u00e0 compara\u00eetre devant la cour d\u2019assises du Tarn \u00e0 Albi, deux pens\u00e9es ont travers\u00e9 l\u2019esprit de Dominique Alz\u00e9ari. Pour commencer, cet ancien procureur de Toulouse ayant quitt\u00e9 son poste il y a pr\u00e8s de quatre ans a trouv\u00e9 l\u2019invitation aussi \u00abanachronique\u00bb qu\u2019\u00abin\u00e9dite\u00bb. En trente ans de m\u00e9tier, jamais il n\u2019avait jusqu\u2019ici vu un magistrat du minist\u00e8re public intervenir en qualit\u00e9 de t\u00e9moin dans une affaire. Surtout, il l\u2019a pressenti : l\u2019audience aurait des airs de \u00abproc\u00e8s dans le proc\u00e8s\u00bb. Le sien. <\/p>\n<p class=\"sc-cPiKLX AiZTS text-element\">Cravate violette et costume gris nacr\u00e9, le sexag\u00e9naire \u2013 intervenu ce lundi 29 septembre pendant pr\u00e8s d\u2019une heure et demie \u00e0 la barre \u2013 a eu le nez creux. Cit\u00e9 \u00e0 compara\u00eetre par la d\u00e9fense, il a \u00e9t\u00e9 cuisin\u00e9 avec gourmandise <a href=\"https:\/\/www.liberation.fr\/societe\/police-justice\/quest-ce-qui-vous-permet-de-dire-que-delphine-est-decedee-au-proces-de-cedric-jubillar-la-defense-sort-les-griffes-20250924_HSY2FZBUYRCJ5DJJLNXRBV5J7A\/\" target=\"_blank\" rel=\"noreferrer noopener\" title=\"https:\/\/www.liberation.fr\/societe\/police-justice\/quest-ce-qui-vous-permet-de-dire-que-delphine-est-decedee-au-proces-de-cedric-jubillar-la-defense-sort-les-griffes-20250924_HSY2FZBUYRCJ5DJJLNXRBV5J7A\/\">par les deux avocats de C\u00e9dric Jubillar<\/a>, accus\u00e9 de \u00abmeurtre sur conjoint\u00bb apr\u00e8s <a href=\"https:\/\/www.liberation.fr\/societe\/police-justice\/affaire-delphine-jubillar-pas-de-corps-pas-daveu-et-un-mari-dans-le-box-20250919_XJB66JWFVZEYNERH7TIJM56CUE\/\" target=\"_blank\" rel=\" &lt;div style= noopener\" clear:=\"\" both=\"\"><\/p>\n","protected":false},"excerpt":{"rendered":"En recevant sa citation \u00e0 compara\u00eetre devant la cour d\u2019assises du Tarn \u00e0 Albi, deux pens\u00e9es ont travers\u00e9&hellip;\n","protected":false},"author":2,"featured_media":426669,"comment_status":"","ping_status":"","sticky":false,"template":"","format":"standard","meta":{"footnotes":""},"categories":[4],"tags":[11,33031,1011,27,12,25],"class_list":{"0":"post-426668","1":"post","2":"type-post","3":"status-publish","4":"format-standard","5":"has-post-thumbnail","7":"category-france","8":"tag-actualites","9":"tag-delphine-jubillar","10":"tag-fr","11":"tag-france","12":"tag-news","13":"tag-republique-francaise"},"share_on_mastodon":{"url":"https:\/\/pubeurope.com\/@fr\/115288902673591133","error":""},"_links":{"self":[{"href":"https:\/\/www.europesays.com\/fr\/wp-json\/wp\/v2\/posts\/426668","targetHints":{"allow":["GET"]}}],"collection":[{"href":"https:\/\/www.europesays.com\/fr\/wp-json\/wp\/v2\/posts"}],"about":[{"href":"https:\/\/www.europesays.com\/fr\/wp-json\/wp\/v2\/types\/post"}],"author":[{"embeddable":true,"href":"https:\/\/www.europesays.com\/fr\/wp-json\/wp\/v2\/users\/2"}],"replies":[{"embeddable":true,"href":"https:\/\/www.europesays.com\/fr\/wp-json\/wp\/v2\/comments?post=426668"}],"version-history":[{"count":0,"href":"https:\/\/www.europesays.com\/fr\/wp-json\/wp\/v2\/posts\/426668\/revisions"}],"wp:featuredmedia":[{"embeddable":true,"href":"https:\/\/www.europesays.com\/fr\/wp-json\/wp\/v2\/media\/426669"}],"wp:attachment":[{"href":"https:\/\/www.europesays.com\/fr\/wp-json\/wp\/v2\/media?parent=426668"}],"wp:term":[{"taxonomy":"category","embeddable":true,"href":"https:\/\/www.europesays.com\/fr\/wp-json\/wp\/v2\/categories?post=426668"},{"taxonomy":"post_tag","embeddable":true,"href":"https:\/\/www.europesays.com\/fr\/wp-json\/wp\/v2\/tags?post=426668"}],"curies":[{"name":"wp","href":"https:\/\/api.w.org\/{rel}","templated":true}]}}