{"id":426676,"date":"2025-09-29T18:06:11","date_gmt":"2025-09-29T18:06:11","guid":{"rendered":"https:\/\/www.europesays.com\/fr\/426676\/"},"modified":"2025-09-29T18:06:11","modified_gmt":"2025-09-29T18:06:11","slug":"nancy-vers-une-transformation-complete-du-marche-central-et-une-gestion-privee-des-2027","status":"publish","type":"post","link":"https:\/\/www.europesays.com\/fr\/426676\/","title":{"rendered":"Nancy. Vers une transformation compl\u00e8te du march\u00e9 central et une gestion priv\u00e9e d\u00e8s 2027"},"content":{"rendered":"<p>On ne peut que souhaiter au deuxi\u00e8me d\u2019\u00e9viter les temp\u00eates essuy\u00e9es par le premier\u00a0: apr\u00e8s le Mus\u00e9e lorrain, dont la restructuration \u00e9voqu\u00e9e depuis 2013 avance p\u00e9niblement, <a href=\"https:\/\/www.estrepublicain.fr\/economie\/2025\/09\/28\/le-point-sur-l-avenir-du-marche-central-cap-sur-la-delegation-de-service-public#PlugCommentsList2\" target=\"_blank\" rel=\"noopener\"> le march\u00e9 central, cal\u00e9 entre la rue Saint-Dizier et la place Charles-III, se pr\u00e9pare en effet lui aussi \u00e0 une v\u00e9ritable m\u00e9tamorphose, structurelle et organisationnelle.<\/a> M\u00e9tamorphose d\u00e9j\u00e0 annonc\u00e9e, amorc\u00e9e, et au c\u0153ur d\u2019une communication ce jeudi soir devant les \u00e9lus du conseil.<\/p>\n<p>Areski Sadi au micro\u00a0: \u00ab\u00a0Pour redynamiser ce march\u00e9, lieu tr\u00e8s important pour la ville et la m\u00e9tropole, nous travaillons avec le cabinet Intensit\u00e9s\u00a0\u00bb, note d\u2019abord l\u2019adjoint au commerce, avant de rappeler que le principe de <a href=\"https:\/\/www.estrepublicain.fr\/politique\/2025\/02\/26\/vers-une-nouvelle-gouvernance-pour-moderniser-le-marche-central\" target=\"_blank\" rel=\"noopener\">ce projet de transformation (travaux de modernisation, et nouveau mode de fonctionnement avec gestion par le priv\u00e9 via une d\u00e9l\u00e9gation de service public) a \u00e9t\u00e9 adopt\u00e9 en conseil le 24\u00a0f\u00e9vrier dernier.<\/a><\/p>\n<p>  Les\u00a0\u00e9talagistes\u00a0non\u00a0concern\u00e9s<\/p>\n<p>Prochaines \u00e9tapes\u00a0? Plusieurs r\u00e9unions et ateliers avec les commer\u00e7ants (du march\u00e9, mais aussi du secteur proche) ayant d\u00e9j\u00e0 eu lieu, \u00ab\u00a0le changement de gouvernance fera l\u2019objet d\u2019une d\u00e9lib\u00e9ration lors du prochain conseil, le 17\u00a0novembre. Le principe d\u2019une d\u00e9l\u00e9gation de service public sera donc soumis au vote.\u00a0\u00bb Avant la recherche, via un appel d\u2019offres en d\u00e9cembre, d\u2019une soci\u00e9t\u00e9 pr\u00eate \u00e0 prendre en main, d\u00e8s janvier\u00a02027 selon le calendrier pr\u00e9visionnel, l\u2019exploitation du march\u00e9.<\/p>\n<p>Pr\u00e9cisions\u00a0: les \u00e9talagistes, install\u00e9s en ext\u00e9rieur le long de la halle, ont \u00e9t\u00e9 concert\u00e9s eux aussi mais \u00ab\u00a0ne seront pas int\u00e9gr\u00e9s \u00e0 cette DSP\u00a0\u00bb, et la Ville \u00ab\u00a0restera d\u00e9cisionnaire\u00a0\u00bb. Un cahier des charges devant pr\u00e9alablement cadrer cette gestion, les travaux \u00e9tant eux aussi d\u00e9cid\u00e9s en temps et en heure avec le futur exploitant.<\/p>\n<p>  Mus\u00e9e lorrain\u00a0: d\u00e9cision de justice ce mardi\u00a0?<\/p>\n<p>\u00ab\u00a0Nous nous \u00e9tions abstenus le 24\u00a0f\u00e9vrier dernier, et nous prenons acte de ce calendrier\u00a0\u00bb, note Sophie Mayeux pour le groupe d\u2019opposition Nancy Positive, \u00ab\u00a0mais nous resterons vigilants pour la suite\u00a0; notamment sur l\u2019\u00e9volution des loyers, et sur les prix qui seront pratiqu\u00e9s sur le march\u00e9\u00a0\u00bb.<\/p>\n<p>Une opposition qui, en revanche, ne dig\u00e8re pas le nouveau projet relatif au Mus\u00e9e lorrain &#8211; Palais des Ducs de Lorraine. <a href=\"https:\/\/www.estrepublicain.fr\/culture-loisirs\/2025\/06\/16\/le-musee-lorrain-on-renonce-au-projet-et-on-repart-(quasi)-a-zero\" target=\"_blank\" rel=\"noopener\"> Annonc\u00e9e par la majorit\u00e9 le 16\u00a0juin dernier, cette r\u00e9orientation du chantier (avec une extension souterraine finalement ray\u00e9e de la carte) fait<\/a> \u00a0donc l\u2019objet d\u2019une d\u00e9lib\u00e9ration \u201capr\u00e8s coup\u201d, et \u00e9quivaut \u00e0 \u00ab\u00a0des millions d\u2019euros perdus, sans mener le projet \u00e0 son terme\u00a0\u00bb, r\u00e9sume Anne-Sophie Didelot pour Nancy positive. Groupe qui vote donc contre.<\/p>\n<p>Alors que les travaux ont finalement d\u00e9marr\u00e9 en novembre dernier, et qu\u2019une nouvelle phase est programm\u00e9e sur 2026 (poursuite des travaux en sous-oeuvre, restauration des menuiseries ext\u00e9rieures, pose et repose des pavages, \u00e9taiement du mur de Baligand), il devrait \u00eatre encore question du Mus\u00e9e lorrain\u00a0ce mardi 30\u00a0septembre avec l\u2019annonce attendue ce jour, dixit l\u2019adjointe Nicole Creusot, de\u00a0la d\u00e9cision du tribunal administratif, apr\u00e8s le <a href=\"https:\/\/www.estrepublicain.fr\/culture-loisirs\/2025\/09\/09\/musee-lorrain-le-tribunal-a-examine-le-recours-d-associations-contre-le-projet-de-renovation-de-l-etablissement-culturel-et-se-prononcera-prochainement\" target=\"_blank\" rel=\"noopener\">recours de deux associations de d\u00e9fense du patrimoine.<\/a><\/p>\n<p>Suite et fin du volet judiciaire\u00a0?<\/p>\n","protected":false},"excerpt":{"rendered":"On ne peut que souhaiter au deuxi\u00e8me d\u2019\u00e9viter les temp\u00eates essuy\u00e9es par le premier\u00a0: apr\u00e8s le Mus\u00e9e lorrain,&hellip;\n","protected":false},"author":2,"featured_media":426677,"comment_status":"","ping_status":"","sticky":false,"template":"","format":"standard","meta":{"footnotes":""},"categories":[9635],"tags":[1111,11,4406,1984,33,1704,1777,674,1011,27,775,1702,1703,12,316,25],"class_list":{"0":"post-426676","1":"post","2":"type-post","3":"status-publish","4":"format-standard","5":"has-post-thumbnail","7":"category-nancy","8":"tag-actu","9":"tag-actualites","10":"tag-commerce-et-services","11":"tag-conseil-municipal","12":"tag-economie","13":"tag-edition-nancy-et-agglomeration","14":"tag-eu","15":"tag-europe","16":"tag-fr","17":"tag-france","18":"tag-grand-est","19":"tag-nancy","20":"tag-nancy-ville-54b","21":"tag-news","22":"tag-politique","23":"tag-republique-francaise"},"share_on_mastodon":{"url":"https:\/\/pubeurope.com\/@fr\/115288918296717515","error":""},"_links":{"self":[{"href":"https:\/\/www.europesays.com\/fr\/wp-json\/wp\/v2\/posts\/426676","targetHints":{"allow":["GET"]}}],"collection":[{"href":"https:\/\/www.europesays.com\/fr\/wp-json\/wp\/v2\/posts"}],"about":[{"href":"https:\/\/www.europesays.com\/fr\/wp-json\/wp\/v2\/types\/post"}],"author":[{"embeddable":true,"href":"https:\/\/www.europesays.com\/fr\/wp-json\/wp\/v2\/users\/2"}],"replies":[{"embeddable":true,"href":"https:\/\/www.europesays.com\/fr\/wp-json\/wp\/v2\/comments?post=426676"}],"version-history":[{"count":0,"href":"https:\/\/www.europesays.com\/fr\/wp-json\/wp\/v2\/posts\/426676\/revisions"}],"wp:featuredmedia":[{"embeddable":true,"href":"https:\/\/www.europesays.com\/fr\/wp-json\/wp\/v2\/media\/426677"}],"wp:attachment":[{"href":"https:\/\/www.europesays.com\/fr\/wp-json\/wp\/v2\/media?parent=426676"}],"wp:term":[{"taxonomy":"category","embeddable":true,"href":"https:\/\/www.europesays.com\/fr\/wp-json\/wp\/v2\/categories?post=426676"},{"taxonomy":"post_tag","embeddable":true,"href":"https:\/\/www.europesays.com\/fr\/wp-json\/wp\/v2\/tags?post=426676"}],"curies":[{"name":"wp","href":"https:\/\/api.w.org\/{rel}","templated":true}]}}