{"id":426689,"date":"2025-09-29T18:13:10","date_gmt":"2025-09-29T18:13:10","guid":{"rendered":"https:\/\/www.europesays.com\/fr\/426689\/"},"modified":"2025-09-29T18:13:10","modified_gmt":"2025-09-29T18:13:10","slug":"bientot-des-drones-dans-le-ciel-de-rouen-pour-les-transports-medicaux-urgents-entre-les-hopitaux","status":"publish","type":"post","link":"https:\/\/www.europesays.com\/fr\/426689\/","title":{"rendered":"Bient\u00f4t des drones dans le ciel de Rouen pour les transports m\u00e9dicaux urgents entre les h\u00f4pitaux"},"content":{"rendered":"<p>            Par<br \/>\n        <strong><br \/>\n            <a href=\"https:\/\/actu.fr\/auteur\/thomas-rideau\" title=\"Consulter tous les articles de Thomas Rideau\" rel=\"nofollow noopener\" target=\"_blank\">Thomas Rideau<\/a><br \/>\n        <\/strong><\/p>\n<p>        Publi\u00e9 le<\/p>\n<p>            29 sept. 2025 \u00e0 19h33        <\/p>\n<p>Ce lundi 29\u00a0septembre 2025, la M\u00e9tropole de <a href=\"https:\/\/actu.fr\/tag\/metropole-rouen\" rel=\"nofollow noopener\" target=\"_blank\">Rouen (Seine-Maritime)<\/a>, a fait sa rentr\u00e9e politique avec son premier conseil. Et si de nombreux sujets sont abord\u00e9s (voir plus bas), un m\u00e9rite en particulier un petit coup de projecteur.<strong> La collectivit\u00e9 va mettre plus de 300\u2009000\u00a0\u20ac<\/strong> sur la table pour soutenir un projet de transports d\u2019urgence m\u00e9dicale par drone entre les h\u00f4pitaux de la M\u00e9tropole. <strong>On vous explique comment<\/strong> \u00e7a va fonctionner.<\/p>\n<p>Des ambulances sous forme de drone\u2009?<\/p>\n<p class=\" wall-content\">\u00ab\u2009Le projet vise \u00e0 d\u00e9ployer une exp\u00e9rimentation de<strong> transport m\u00e9dical d\u2019urgence<\/strong> par drones en zone urbaine, entre les sites du Centre Hospitalier Universitaire (CHU) de Rouen\u2009\u00bb, r\u00e9sume le <a href=\"https:\/\/actu.fr\/tag\/chu-rouen\" rel=\"nofollow noopener\" target=\"_blank\">CHU de Rouen<\/a>.<\/p>\n<p class=\" wall-content\">C\u2019est un projet port\u00e9 par le CHU de Rouen en partenariat avec la soci\u00e9t\u00e9 Delivrone que soutient la M\u00e9tropole de Rouen. Tr\u00e8s concr\u00e8tement, il s\u2019agit de transports en urgence de mat\u00e9riel m\u00e9dical, mais aussi de <strong>pr\u00e9l\u00e8vement biologique<\/strong> (comme le sang, les urines\u2026) par drone.<\/p>\n<p class=\" wall-content\">Pas de bouchon, de feu rouge\u2026 mais aussi pas de pollution, \u00ab\u2009qui fait partie des enjeux\u2009\u00bb, pr\u00e9cise Nicolas Mayer-Rossignol, le pr\u00e9sident de la M\u00e9tropole. Car en plus de<a href=\"https:\/\/www.chu-rouen.fr\/services\/samu-smur\/samu-drone-medical-durgence\/#:~:text=Au%20total%2C%20ce%20projet%20repr%C3%A9sente,%2C5%20m%2C%20sera%20d%C3%A9ploy%C3%A9e.\" rel=\"nofollow noopener\" target=\"_blank\"> foncer dans les airs \u00e0 65\u00a0km\/h<\/a>, les drones pourront aussi apporter des d\u00e9fibrillateurs.<\/p>\n<p class=\" wall-content\">Via des financements de l\u2019\u00c9tat et plus pr\u00e9cis\u00e9ment de la caisse des d\u00e9p\u00f4ts et consignations (CDC), la M\u00e9tropole va apporter<strong> 340\u2009000\u00a0\u20ac au CHU<\/strong>. Ce qui repr\u00e9sente 50\u2009% du financement du projet.<\/p>\n<p>De l\u2019eau et des v\u00e9los<\/p>\n<p class=\" wall-content\">Difficile de r\u00e9sumer une centaine de pages de d\u00e9lib\u00e9ration, par ailleurs. Mais retenons deux mesures qui peuvent avoir un impact direct sur les habitants de la M\u00e9tropole. Il y a d\u2019abord cette nouvelle aide qui va \u00eatre vot\u00e9e ce soir.<\/p>\n<p class=\" wall-content\">Celle-ci sera distribu\u00e9e aux m\u00e9nages \u00ab\u2009en situation de pr\u00e9carit\u00e9\u2009\u00bb et qui rencontrent des difficult\u00e9s pour payer <strong>la facture d\u2019eau<\/strong> (qui est g\u00e9r\u00e9e par la M\u00e9tropole). Une enveloppe de 300\u2009000\u00a0\u20ac va \u00eatre apport\u00e9e et chaque famille, en fonction des besoins, pourra pr\u00e9tendre \u00e0 une aide pouvant aller<strong> jusqu\u2019\u00e0 150\u00a0\u20ac<\/strong>.<\/p>\n<p class=\" wall-content\">Enfin, citons l\u2019aide \u00e0 l\u2019achat de v\u00e9los sp\u00e9cifiques. Il existe d\u00e9j\u00e0 des aides pour obtenir des v\u00e9los, mais les v\u00e9los \u00ab\u2009sp\u00e9cifiques\u2009\u00bb n\u2019\u00e9taient pas concern\u00e9s. <strong>Ce n\u2019est plus le cas<\/strong>. Six nouveaux mod\u00e8les de v\u00e9lo sont d\u00e9sormais \u00e9ligibles aux aides m\u00e9tropolitaines\u2009: les v\u00e9los pousseurs, les v\u00e9los tricycles, les surbaiss\u00e9s, les v\u00e9los \u00e0 main, les v\u00e9los couch\u00e9s et les v\u00e9los doubles. Le montant de l\u2019aide est plafonn\u00e9 \u00e0 1500 \u20ac.<\/p>\n<p>Votre r\u00e9gion, votre actu !<\/p>\n<p>Recevez chaque jour les infos qui comptent pour vous.<\/p>\n<p>\t<a href=\"https:\/\/actu.fr\/newsletter\" class=\"ac-btn ac-btn--corner ac-btn--medium ac-btn--blue800\" rel=\"nofollow noopener\" target=\"_blank\">S&rsquo;incrire<\/a><br \/>\nSuivez l\u2019actualit\u00e9 de Rouen <a href=\"https:\/\/www.whatsapp.com\/channel\/0029VaKfnf99hXF2ddApFB1D\" rel=\"nofollow noopener\" target=\"_blank\">sur notre cha\u00eene WhatsApp<\/a> et <a href=\"https:\/\/www.tiktok.com\/@76actu.fr?lang=fr\" rel=\"nofollow noopener\" target=\"_blank\">sur notre compte TikTok<\/a><\/p>\n<p class=\" wall-content\">Personnalisez votre actualit\u00e9 en ajoutant vos villes et m\u00e9dias en favori avec <a href=\"https:\/\/moncompte.actu.fr\" title=\"D\u00e9couvez Mon Actu\" rel=\"nofollow noopener\" data-trk=\"{&quot;cta&quot;:{&quot;action&quot;:&quot;https:\\\/\\\/moncompte.actu.fr&quot;,&quot;category&quot;:&quot;mon compte&quot;,&quot;from&quot;:&quot;article footer&quot;,&quot;name&quot;:&quot;Mon actu&quot;,&quot;type&quot;:&quot;cta&quot;}}\" target=\"_blank\">Mon Actu<\/a>.<\/p>\n<p>                    <script async src=\"\/\/www.tiktok.com\/embed.js\"><\/script><\/p>\n","protected":false},"excerpt":{"rendered":"Par Thomas Rideau Publi\u00e9 le 29 sept. 2025 \u00e0 19h33 Ce lundi 29\u00a0septembre 2025, la M\u00e9tropole de Rouen&hellip;\n","protected":false},"author":2,"featured_media":426690,"comment_status":"","ping_status":"","sticky":false,"template":"","format":"standard","meta":{"footnotes":""},"categories":[9587],"tags":[1111,11,9682,1777,674,1011,27,1757,12,5161,25,9590,71],"class_list":{"0":"post-426689","1":"post","2":"type-post","3":"status-publish","4":"format-standard","5":"has-post-thumbnail","7":"category-rouen","8":"tag-actu","9":"tag-actualites","10":"tag-chu-rouen","11":"tag-eu","12":"tag-europe","13":"tag-fr","14":"tag-france","15":"tag-insolite","16":"tag-news","17":"tag-normandie","18":"tag-republique-francaise","19":"tag-rouen","20":"tag-sante"},"share_on_mastodon":{"url":"https:\/\/pubeurope.com\/@fr\/115288945980263397","error":""},"_links":{"self":[{"href":"https:\/\/www.europesays.com\/fr\/wp-json\/wp\/v2\/posts\/426689","targetHints":{"allow":["GET"]}}],"collection":[{"href":"https:\/\/www.europesays.com\/fr\/wp-json\/wp\/v2\/posts"}],"about":[{"href":"https:\/\/www.europesays.com\/fr\/wp-json\/wp\/v2\/types\/post"}],"author":[{"embeddable":true,"href":"https:\/\/www.europesays.com\/fr\/wp-json\/wp\/v2\/users\/2"}],"replies":[{"embeddable":true,"href":"https:\/\/www.europesays.com\/fr\/wp-json\/wp\/v2\/comments?post=426689"}],"version-history":[{"count":0,"href":"https:\/\/www.europesays.com\/fr\/wp-json\/wp\/v2\/posts\/426689\/revisions"}],"wp:featuredmedia":[{"embeddable":true,"href":"https:\/\/www.europesays.com\/fr\/wp-json\/wp\/v2\/media\/426690"}],"wp:attachment":[{"href":"https:\/\/www.europesays.com\/fr\/wp-json\/wp\/v2\/media?parent=426689"}],"wp:term":[{"taxonomy":"category","embeddable":true,"href":"https:\/\/www.europesays.com\/fr\/wp-json\/wp\/v2\/categories?post=426689"},{"taxonomy":"post_tag","embeddable":true,"href":"https:\/\/www.europesays.com\/fr\/wp-json\/wp\/v2\/tags?post=426689"}],"curies":[{"name":"wp","href":"https:\/\/api.w.org\/{rel}","templated":true}]}}