{"id":426691,"date":"2025-09-29T18:14:19","date_gmt":"2025-09-29T18:14:19","guid":{"rendered":"https:\/\/www.europesays.com\/fr\/426691\/"},"modified":"2025-09-29T18:14:19","modified_gmt":"2025-09-29T18:14:19","slug":"un-nouveau-defi-avec-lalec","status":"publish","type":"post","link":"https:\/\/www.europesays.com\/fr\/426691\/","title":{"rendered":"un nouveau d\u00e9fi avec l\u2019Alec"},"content":{"rendered":"<p>C\u2019est reparti pour un nouveau d\u00e9fi.\u00a0L\u2019Agence locale de l\u2018\u00e9nergie et du climat (Alec) de la grande r\u00e9gion grenobloise organise, du 6 au 31\u00a0octobre un challenge \u00e9lectricit\u00e9 en ligne\u00a0pour les habitants de la M\u00e9tropole de Grenoble\u00a0! La mission des participants\u00a0? R\u00e9duire, pendant quatre semaines, leur consommation et donc leur facture.<\/p>\n<p>Et chacun peut arriver \u00e0 faire mieux quand on sait que chaque foyer fran\u00e7ais poss\u00e8de, en moyenne, une centaine d\u2019appareils \u00e9lectriques et \u00e9lectroniques. Mais lesquels sont les\u00a0plus \u00e9nergivores\u00a0? Et mettre ses appareils \u00e9lectroniques en veille a-t-il un r\u00e9el impact sur la facture\u00a0? Quelles solutions existent pour r\u00e9duire sa consommation\u00a0? C\u2019est notamment \u00e0 ces questions que les personnes inscrites pourront r\u00e9pondre.<\/p>\n<p>Ils obtiendront, en ligne, des astuces pour moins consommer, des informations sur M\u00e9tro\u00e9nergies, la plateforme de suivi en ligne des consommations d\u2018\u00e9nergies et recevront quatre missions, durant quatre semaines (chaque lundi) par mail. De plus, un kit \u201c\u00e9conomies d\u2019\u00e9nergie\u201d est offert aux participants\u00a0!<\/p>\n<p>Pour participer il suffit de s\u2019inscrire sur le site de l\u2019Alec ( <a href=\"https:\/\/www.alec-grenoble.org\/agenda\/3433\/910-challenge-electricite-en-ligne.htm\" target=\"_blank\" rel=\"noopener\">alec-grenoble.org<\/a> ).<\/p>\n","protected":false},"excerpt":{"rendered":"C\u2019est reparti pour un nouveau d\u00e9fi.\u00a0L\u2019Agence locale de l\u2018\u00e9nergie et du climat (Alec) de la grande r\u00e9gion grenobloise&hellip;\n","protected":false},"author":2,"featured_media":426692,"comment_status":"","ping_status":"","sticky":false,"template":"","format":"standard","meta":{"footnotes":""},"categories":[9566],"tags":[1111,11,2430,130,33,112,893,1777,674,1011,27,2731,2732,108,1985,12,25],"class_list":{"0":"post-426691","1":"post","2":"type-post","3":"status-publish","4":"format-standard","5":"has-post-thumbnail","7":"category-grenoble","8":"tag-actu","9":"tag-actualites","10":"tag-auvergne-rhone-alpes","11":"tag-consommation","12":"tag-economie","13":"tag-edition-grenoble-agglomeration","14":"tag-energie","15":"tag-eu","16":"tag-europe","17":"tag-fr","18":"tag-france","19":"tag-grenoble","20":"tag-grenoble-bassin","21":"tag-isere","22":"tag-metropole-de-grenoble","23":"tag-news","24":"tag-republique-francaise"},"share_on_mastodon":{"url":"https:\/\/pubeurope.com\/@fr\/115288949757179944","error":""},"_links":{"self":[{"href":"https:\/\/www.europesays.com\/fr\/wp-json\/wp\/v2\/posts\/426691","targetHints":{"allow":["GET"]}}],"collection":[{"href":"https:\/\/www.europesays.com\/fr\/wp-json\/wp\/v2\/posts"}],"about":[{"href":"https:\/\/www.europesays.com\/fr\/wp-json\/wp\/v2\/types\/post"}],"author":[{"embeddable":true,"href":"https:\/\/www.europesays.com\/fr\/wp-json\/wp\/v2\/users\/2"}],"replies":[{"embeddable":true,"href":"https:\/\/www.europesays.com\/fr\/wp-json\/wp\/v2\/comments?post=426691"}],"version-history":[{"count":0,"href":"https:\/\/www.europesays.com\/fr\/wp-json\/wp\/v2\/posts\/426691\/revisions"}],"wp:featuredmedia":[{"embeddable":true,"href":"https:\/\/www.europesays.com\/fr\/wp-json\/wp\/v2\/media\/426692"}],"wp:attachment":[{"href":"https:\/\/www.europesays.com\/fr\/wp-json\/wp\/v2\/media?parent=426691"}],"wp:term":[{"taxonomy":"category","embeddable":true,"href":"https:\/\/www.europesays.com\/fr\/wp-json\/wp\/v2\/categories?post=426691"},{"taxonomy":"post_tag","embeddable":true,"href":"https:\/\/www.europesays.com\/fr\/wp-json\/wp\/v2\/tags?post=426691"}],"curies":[{"name":"wp","href":"https:\/\/api.w.org\/{rel}","templated":true}]}}