{"id":426699,"date":"2025-09-29T18:18:12","date_gmt":"2025-09-29T18:18:12","guid":{"rendered":"https:\/\/www.europesays.com\/fr\/426699\/"},"modified":"2025-09-29T18:18:12","modified_gmt":"2025-09-29T18:18:12","slug":"economie-lentreprise-biosynex-basee-a-illkirch-obtient-louverture-dune-procedure-de-sauvegarde","status":"publish","type":"post","link":"https:\/\/www.europesays.com\/fr\/426699\/","title":{"rendered":"\u00c9conomie. L\u2019entreprise Biosynex, bas\u00e9e \u00e0 Illkirch, obtient l\u2019ouverture d\u2019une proc\u00e9dure de sauvegarde"},"content":{"rendered":"<p>Pr\u00e9sente dans plus de 90 pays, l\u2019entreprise alsacienne Biosynex, a d\u00e9pos\u00e9 et obtenu, lundi 29\u00a0septembre, l\u2019ouverture d\u2019une proc\u00e9dure de sauvegarde aupr\u00e8s du Tribunal judiciaire de Strasbourg pour lui permettre de restructurer son endettement bancaire qui s\u2019\u00e9l\u00e8ve \u00e0 59,6\u00a0millions d\u2019euros, pour un CA de 50,8\u00a0m sur le premier semestre 2025. Un administrateur judiciaire a \u00e9t\u00e9 nomm\u00e9, Me Claude-Maxime Weil.<\/p>\n<p><a href=\"https:\/\/www.lalsace.fr\/economie\/2021\/02\/16\/biosynex-va-fabriquer-des-thermometres-medicaux-sans-contact-en-alsace\" target=\"_blank\" rel=\"nofollow noopener\">Cr\u00e9\u00e9 en 2005 \u00e0 Illkirch,<\/a> le laboratoire cot\u00e9 en Bourse, qui con\u00e7oit, fabrique et distribue des tests de diagnostic rapide (TDR) en France et \u00e0 l\u2019international avait multipli\u00e9 les acquisitions depuis 2022. Elle n\u2019a pas pu finaliser son programme de cessions envisag\u00e9, en raison d\u2019un mauvais climat des affaires de part et d\u2019autre de l\u2019Atlantique. \u00ab\u00a0La proc\u00e9dure offrira un cadre protecteur favorable \u00e0 l\u2019entame de discussions avec des partenaires financiers\u00a0\u00bb, indique Biosynex.<\/p>\n","protected":false},"excerpt":{"rendered":"Pr\u00e9sente dans plus de 90 pays, l\u2019entreprise alsacienne Biosynex, a d\u00e9pos\u00e9 et obtenu, lundi 29\u00a0septembre, l\u2019ouverture d\u2019une proc\u00e9dure&hellip;\n","protected":false},"author":2,"featured_media":426700,"comment_status":"","ping_status":"","sticky":false,"template":"","format":"standard","meta":{"footnotes":""},"categories":[2820],"tags":[1111,11,2389,33,1777,674,107,1011,27,775,12,25,640,216],"class_list":{"0":"post-426699","1":"post","2":"type-post","3":"status-publish","4":"format-standard","5":"has-post-thumbnail","7":"category-strasbourg","8":"tag-actu","9":"tag-actualites","10":"tag-alsace","11":"tag-economie","12":"tag-eu","13":"tag-europe","14":"tag-fil-info","15":"tag-fr","16":"tag-france","17":"tag-grand-est","18":"tag-news","19":"tag-republique-francaise","20":"tag-strasbourg","21":"tag-vie-des-entreprises"},"share_on_mastodon":{"url":"https:\/\/pubeurope.com\/@fr\/115288965518937814","error":""},"_links":{"self":[{"href":"https:\/\/www.europesays.com\/fr\/wp-json\/wp\/v2\/posts\/426699","targetHints":{"allow":["GET"]}}],"collection":[{"href":"https:\/\/www.europesays.com\/fr\/wp-json\/wp\/v2\/posts"}],"about":[{"href":"https:\/\/www.europesays.com\/fr\/wp-json\/wp\/v2\/types\/post"}],"author":[{"embeddable":true,"href":"https:\/\/www.europesays.com\/fr\/wp-json\/wp\/v2\/users\/2"}],"replies":[{"embeddable":true,"href":"https:\/\/www.europesays.com\/fr\/wp-json\/wp\/v2\/comments?post=426699"}],"version-history":[{"count":0,"href":"https:\/\/www.europesays.com\/fr\/wp-json\/wp\/v2\/posts\/426699\/revisions"}],"wp:featuredmedia":[{"embeddable":true,"href":"https:\/\/www.europesays.com\/fr\/wp-json\/wp\/v2\/media\/426700"}],"wp:attachment":[{"href":"https:\/\/www.europesays.com\/fr\/wp-json\/wp\/v2\/media?parent=426699"}],"wp:term":[{"taxonomy":"category","embeddable":true,"href":"https:\/\/www.europesays.com\/fr\/wp-json\/wp\/v2\/categories?post=426699"},{"taxonomy":"post_tag","embeddable":true,"href":"https:\/\/www.europesays.com\/fr\/wp-json\/wp\/v2\/tags?post=426699"}],"curies":[{"name":"wp","href":"https:\/\/api.w.org\/{rel}","templated":true}]}}