{"id":426707,"date":"2025-09-29T18:22:18","date_gmt":"2025-09-29T18:22:18","guid":{"rendered":"https:\/\/www.europesays.com\/fr\/426707\/"},"modified":"2025-09-29T18:22:18","modified_gmt":"2025-09-29T18:22:18","slug":"municipales-2026-a-geneston-la-maire-brigue-un-troisieme-mandat","status":"publish","type":"post","link":"https:\/\/www.europesays.com\/fr\/426707\/","title":{"rendered":"Municipales 2026. \u00c0 Geneston, la maire brigue un troisi\u00e8me mandat"},"content":{"rendered":"<p>Apr\u00e8s une longue r\u00e9flexion, Karine Paviza, 53\u00a0ans, mari\u00e9e, deux enfants, <a href=\"https:\/\/nantes.maville.com\/actu\/actudet_-elle-prend-la-tete-de-l-association-des-maires-du-vignoble-_8-6732289_actu.Htm?utm_source=troove&amp;utm_medium=site\" target=\"_blank\" rel=\"noopener\">pr\u00e9sidente de l\u2019association des maires du Vignoble<\/a> annonce sa candidature aux \u00e9lections municipales de mars\u00a02026, pour un quatri\u00e8me mandat d\u2019\u00e9lue et pour un troisi\u00e8me mandat de maire. \u00a0Cette d\u00e9cision, m\u00fbrement r\u00e9fl\u00e9chie, repose sur l\u2019envie de capitaliser sur l\u2019exp\u00e9rience acquise et de poursuivre le travail engag\u00e9 avec l\u2019\u00e9quipe municipale\u00a0.<\/p>\n<p>Dans une commune de pr\u00e8s de 3\u00a0800\u00a0habitants, le travail n\u2019a pas manqu\u00e9. \u00a0Nous avons lanc\u00e9 de nombreux projets pour moderniser nos infrastructures, am\u00e9liorer les services publics et r\u00e9pondre aux attentes grandissantes de nos habitants\u00a0. Durant ce mandat, l\u2019\u00e9quipe municipale a \u00e9t\u00e9 confront\u00e9e \u00e0 des d\u00e9fis in\u00e9dits. La crise sanitaire, les bouleversements \u00e9conomiques et politiques ont \u00e9t\u00e9 mis \u00e0 rudes \u00e9preuves pour les petites collectivit\u00e9s. \u00a0Malgr\u00e9 tout cela, l\u2019envie, le courage et la d\u00e9termination restent intacts. Durant ce mandat, nous avons quand m\u00eame r\u00e9alis\u00e9 86\u00a0projets\u00a0.<\/p>\n<p>Engagement local<\/p>\n<p>Karine Paviza, est tr\u00e8s claire sur la politique\u00a0: \u00a0Je tiens \u00e0 rappeler que, tout au long de ce mandat et \u00e0 l\u2019avenir, je resterai d\u00e9lib\u00e9r\u00e9ment ind\u00e9pendante politiquement. Mon engagement, je le r\u00e9p\u00e8te, est avant tout local. L\u2019\u00e9quipe qui m\u2019accompagne sera compos\u00e9e d\u2019anciens \u00e9lus et de nouvelles personnes, toutes motiv\u00e9es \u00e0 \u0153uvrer pour notre collectivit\u00e9\u00a0.<\/p>\n<p>Actuellement, deux gros projets sont en cr\u00e9ation, le restaurant scolaire et la salle du Parc. \u00a0Pour une commune comme la n\u00f4tre, cela veut dire que pour les trois premi\u00e8res ann\u00e9es du prochain mandat, il ne va pas se faire grand-chose. D\u2019autant plus qu\u2019on ne sait pas ce qui va nous arriver politiquement et financi\u00e8rement. Il ne faut pas faire r\u00eaver les gens avec des fausses id\u00e9es\u00a0.<\/p>\n<p>\u00a0<\/p>\n","protected":false},"excerpt":{"rendered":"Apr\u00e8s une longue r\u00e9flexion, Karine Paviza, 53\u00a0ans, mari\u00e9e, deux enfants, pr\u00e9sidente de l\u2019association des maires du Vignoble annonce&hellip;\n","protected":false},"author":2,"featured_media":426708,"comment_status":"","ping_status":"","sticky":false,"template":"","format":"standard","meta":{"footnotes":""},"categories":[2818],"tags":[5734,1111,11,55542,1777,674,1011,27,55541,5107,13184,3554,766,12,2636,25],"class_list":{"0":"post-426707","1":"post","2":"type-post","3":"status-publish","4":"format-standard","5":"has-post-thumbnail","7":"category-nantes","8":"tag-5734","9":"tag-actu","10":"tag-actualites","11":"tag-brigue","12":"tag-eu","13":"tag-europe","14":"tag-fr","15":"tag-france","16":"tag-geneston","17":"tag-maire","18":"tag-mandat","19":"tag-municipales","20":"tag-nantes","21":"tag-news","22":"tag-pays-de-la-loire","23":"tag-republique-francaise"},"share_on_mastodon":{"url":"https:\/\/pubeurope.com\/@fr\/115288981240035118","error":""},"_links":{"self":[{"href":"https:\/\/www.europesays.com\/fr\/wp-json\/wp\/v2\/posts\/426707","targetHints":{"allow":["GET"]}}],"collection":[{"href":"https:\/\/www.europesays.com\/fr\/wp-json\/wp\/v2\/posts"}],"about":[{"href":"https:\/\/www.europesays.com\/fr\/wp-json\/wp\/v2\/types\/post"}],"author":[{"embeddable":true,"href":"https:\/\/www.europesays.com\/fr\/wp-json\/wp\/v2\/users\/2"}],"replies":[{"embeddable":true,"href":"https:\/\/www.europesays.com\/fr\/wp-json\/wp\/v2\/comments?post=426707"}],"version-history":[{"count":0,"href":"https:\/\/www.europesays.com\/fr\/wp-json\/wp\/v2\/posts\/426707\/revisions"}],"wp:featuredmedia":[{"embeddable":true,"href":"https:\/\/www.europesays.com\/fr\/wp-json\/wp\/v2\/media\/426708"}],"wp:attachment":[{"href":"https:\/\/www.europesays.com\/fr\/wp-json\/wp\/v2\/media?parent=426707"}],"wp:term":[{"taxonomy":"category","embeddable":true,"href":"https:\/\/www.europesays.com\/fr\/wp-json\/wp\/v2\/categories?post=426707"},{"taxonomy":"post_tag","embeddable":true,"href":"https:\/\/www.europesays.com\/fr\/wp-json\/wp\/v2\/tags?post=426707"}],"curies":[{"name":"wp","href":"https:\/\/api.w.org\/{rel}","templated":true}]}}