{"id":426711,"date":"2025-09-29T18:24:14","date_gmt":"2025-09-29T18:24:14","guid":{"rendered":"https:\/\/www.europesays.com\/fr\/426711\/"},"modified":"2025-09-29T18:24:14","modified_gmt":"2025-09-29T18:24:14","slug":"de-glass-a-lauba-lonba-roule-des-mecaniques","status":"publish","type":"post","link":"https:\/\/www.europesays.com\/fr\/426711\/","title":{"rendered":"De Glass \u00e0 Lauba, l\u2019ONBA roule des m\u00e9caniques"},"content":{"rendered":"<p>Les \u00ab\u00a0s\u0153urs Lab\u00e8que\u00a0\u00bb, ic\u00f4nes de papier glac\u00e9 dans les ann\u00e9es 1990, ont su rester au c\u0153ur du r\u00e9acteur musical de notre temps. Et notamment en d\u00e9diant une grande partie de leur travail \u00e0 quatre mains \u00e0 la cr\u00e9ation contemporaine. Jusqu\u2019\u00e0 Los Angeles, leur personnalit\u00e9 artistique singuli\u00e8re est c\u00e9l\u00e9br\u00e9e, avec une cons\u00e9cration, en\u00a02015\u00a0: la cr\u00e9ation d\u2019un concerto pour deux pianos du tr\u00e8s branch\u00e9 Philip Glass, dont elles \u00e9taient les d\u00e9dicataires. Privil\u00e8ge de deux immenses artistes qui interpr\u00e9teront ce m\u00eame concerto pour le symphonique de la semaine \u00e0 l\u2019Auditorium de Bordeaux, aux c\u00f4t\u00e9s de l\u2019Orchestre national Bordeaux-Aquitaine (ONBA).<\/p>\n<p>\u00ab\u00a0Time Machine\u00a0\u00bb<\/p>\n<p>Mais une autre figure de la musique contemporaine sera \u00e9galement c\u00e9l\u00e9br\u00e9e ce jeudi 2\u00a0octobre, plus directement li\u00e9e \u00e0 la \u00ab\u00a0famille ONBA\u00a0\u00bb\u00a0: le compositeur Christian Lauba. \u00ab\u00a0Je suis vraiment tr\u00e8s \u00e9mu de revoir ces beaux musiciens, qui ont \u00e9t\u00e9 mes coll\u00e8gues et sont maintenant mes amis\u00a0\u00bb, d\u00e9clare celui qui, au-del\u00e0 d\u2019\u00eatre un compositeur reconnu, fut aussi le directeur musical de l\u2019orchestre entre 2004 et 2006.<\/p>\n<p>\u00ab\u00a0J\u2019ai h\u00e2te d\u2019entendre ce que l\u2019ONBA 2.0 fera de ma partition. L\u2019avantage, c\u2019est que comme je les connais bien, je leur ai envoy\u00e9 la partition un mois en avance pour qu\u2019ils aient le temps de l\u2019apprivoiser\u00a0\u00bb, confie Christian Lauba avec un sourire.<\/p>\n<p>La partition en question, c\u2019est \u00ab\u00a0Time Machine\u00a0\u00bb, une \u0153uvre inspir\u00e9e par le roman \u00ab\u00a0La Machine \u00e0 explorer le temps\u00a0\u00bb d\u2019H. G.\u00a0Wells, adapt\u00e9 au cin\u00e9ma en 1960. Cr\u00e9\u00e9e en 2018, la pi\u00e8ce (d\u2019une dur\u00e9e de quatorze minutes environ) est \u00ab\u00a0une v\u00e9ritable ouverture d\u2019op\u00e9ra extr\u00eamement virtuose o\u00f9 tous les motifs m\u00e9lodiques, rythmiques et dynamiques sont condens\u00e9s pour donner l\u2019illusion d\u2019une machine spatio-temporelle emball\u00e9e, une tornade qui emporte des objets sonores de toutes les \u00e9poques\u00a0\u00bb, d\u00e9clare le compositeur.<\/p>\n<p>Une certitude donc\u00a0: entre la musique r\u00e9p\u00e9titive de Glass et la machine formidable de Lauba, cette semaine, l\u2019ONBA risque bien de rouler des m\u00e9caniques\u2026<\/p>\n<p>Concert symphonique de l\u2019ONBA, jeudi 2\u00a0octobre \u00e0 20\u00a0heures, \u00e0 l\u2019Auditorium de Bordeaux. De 10 \u00e0 52\u00a0euros. R\u00e9servation\u00a0: <a href=\"https:\/\/www.opera-bordeaux.com\/orchestre-katia-marielle-labeque-65782#a-propos\" target=\"_blank\" rel=\"nofollow noopener\">opera-bordeaux.com<\/a><\/p>\n","protected":false},"excerpt":{"rendered":"Les \u00ab\u00a0s\u0153urs Lab\u00e8que\u00a0\u00bb, ic\u00f4nes de papier glac\u00e9 dans les ann\u00e9es 1990, ont su rester au c\u0153ur du r\u00e9acteur&hellip;\n","protected":false},"author":2,"featured_media":426712,"comment_status":"","ping_status":"","sticky":false,"template":"","format":"standard","meta":{"footnotes":""},"categories":[2817],"tags":[1111,11,1997,1777,674,1011,27,12,2219,25],"class_list":{"0":"post-426711","1":"post","2":"type-post","3":"status-publish","4":"format-standard","5":"has-post-thumbnail","7":"category-bordeaux","8":"tag-actu","9":"tag-actualites","10":"tag-bordeaux","11":"tag-eu","12":"tag-europe","13":"tag-fr","14":"tag-france","15":"tag-news","16":"tag-nouvelle-aquitaine","17":"tag-republique-francaise"},"share_on_mastodon":{"url":"https:\/\/pubeurope.com\/@fr\/115288989077657046","error":""},"_links":{"self":[{"href":"https:\/\/www.europesays.com\/fr\/wp-json\/wp\/v2\/posts\/426711","targetHints":{"allow":["GET"]}}],"collection":[{"href":"https:\/\/www.europesays.com\/fr\/wp-json\/wp\/v2\/posts"}],"about":[{"href":"https:\/\/www.europesays.com\/fr\/wp-json\/wp\/v2\/types\/post"}],"author":[{"embeddable":true,"href":"https:\/\/www.europesays.com\/fr\/wp-json\/wp\/v2\/users\/2"}],"replies":[{"embeddable":true,"href":"https:\/\/www.europesays.com\/fr\/wp-json\/wp\/v2\/comments?post=426711"}],"version-history":[{"count":0,"href":"https:\/\/www.europesays.com\/fr\/wp-json\/wp\/v2\/posts\/426711\/revisions"}],"wp:featuredmedia":[{"embeddable":true,"href":"https:\/\/www.europesays.com\/fr\/wp-json\/wp\/v2\/media\/426712"}],"wp:attachment":[{"href":"https:\/\/www.europesays.com\/fr\/wp-json\/wp\/v2\/media?parent=426711"}],"wp:term":[{"taxonomy":"category","embeddable":true,"href":"https:\/\/www.europesays.com\/fr\/wp-json\/wp\/v2\/categories?post=426711"},{"taxonomy":"post_tag","embeddable":true,"href":"https:\/\/www.europesays.com\/fr\/wp-json\/wp\/v2\/tags?post=426711"}],"curies":[{"name":"wp","href":"https:\/\/api.w.org\/{rel}","templated":true}]}}